{"id":12932,"date":"2024-12-22T22:16:17","date_gmt":"2024-12-22T22:16:17","guid":{"rendered":"https:\/\/ladepeche.mr\/?p=12932"},"modified":"2024-12-22T22:21:38","modified_gmt":"2024-12-22T22:21:38","slug":"parti-insaf-vers-un-statu-quo-sur-les-instances-du-parti","status":"publish","type":"post","link":"https:\/\/ladepeche.mr\/?p=12932","title":{"rendered":"Parti \u00abInsaf\u00a0\u00bb\u00a0: vers un statu quo ante sur les instances du parti"},"content":{"rendered":"<p>Les instances issues du deuxi\u00e8me congr\u00e8s du parti de l\u2019Union pour la R\u00e9publique devraient \u00eatre maintenues en d\u00e9pit des d\u00e9lais l\u00e9gaux impartis pour leur \u00e9lection jusqu\u2019\u00e0 la fin de l\u2019ann\u00e9e. Outre le statu quo sur les instances, le parti UPR (devenu INSAF) ne se montre pas tr\u00e8s prolixe sur les d\u00e9veloppements politiques attendus.<\/p>\n<p>Selon des sources proches du parti, une r\u00e9union du Conseil National serait pr\u00e9vue le 27 d\u00e9cembre 2024 alors que le Bureau Ex\u00e9cutif se retrouvera lundi \u00e0 la lumi\u00e8re de la discussion des \u00e9ch\u00e9ances statutaires.<\/p>\n<p>Le Conseil national qui devrait, en toute logique, face \u00e0 l\u2019impossibilit\u00e9 de nouvelles \u00e9lections, se ternir le 27 d\u00e9cembre pourrait se muer, explique-t-on, en conf\u00e9rence afin de proroger le mandat des instances du parti \u00e9lues lors du pr\u00e9c\u00e9dent congr\u00e8s.<\/p>\n<p>C\u2019est l\u2019ancien ministre, Sidi Mohamed Ould Mohamed qui est en charge de la gestion du parti depuis la r\u00e9\u00e9lection du pr\u00e9sident Ghazouani en 2024.<\/p>\n<p>Fond\u00e9 en juin 2009 par le g\u00e9n\u00e9ral\u00a0Mohamed Ould Abdel Aziz, la maitrise du parti, \u00e0 l\u2019origine des dissensions entre l\u2019ex-pr\u00e9sident Aziz et le pr\u00e9sident en exercice, Mohamed Ould Ghazouani, a tourn\u00e9 \u00e0 l\u2019incompr\u00e9hension entre les deux hommes. Mais en 2019, le parti est totalement investi par les soutiens de Ghazouani et en \u00e9jecte Aziz. C\u2019\u00e9tait lors de son second congr\u00e8s qui a permis au pr\u00e9sident Ghazouani de tourner la page Aziz en confiant ses r\u00eanes \u00e0 Ould Taleb Amar.<\/p>\n<p>En 2022, l\u2019UPR se mue en Parti &#8220;El Insaf&#8221;, lors de la fusion de l&#8217;Union pour la R\u00e9publique avec plusieurs partis qui soutiennent le pr\u00e9sident Ghazouani.<\/p>\n","protected":false},"excerpt":{"rendered":"<p>Les instances issues du deuxi\u00e8me congr\u00e8s du parti de l\u2019Union pour la R\u00e9publique devraient \u00eatre maintenues en d\u00e9pit des d\u00e9lais l\u00e9gaux impartis pour leur \u00e9lection jusqu\u2019\u00e0 la fin de l\u2019ann\u00e9e. Outre le statu quo sur les instances, le parti UPR (devenu INSAF) ne se montre pas tr\u00e8s prolixe sur les d\u00e9veloppements politiques attendus. Selon des &hellip;<\/p>\n","protected":false},"author":2,"featured_media":12933,"comment_status":"open","ping_status":"open","sticky":false,"template":"","format":"standard","meta":{"footnotes":""},"categories":[18,31],"tags":[],"class_list":["post-12932","post","type-post","status-publish","format-standard","has-post-thumbnail","hentry","category-actualites","category-politique-et-reportages"],"_links":{"self":[{"href":"https:\/\/ladepeche.mr\/index.php?rest_route=\/wp\/v2\/posts\/12932","targetHints":{"allow":["GET"]}}],"collection":[{"href":"https:\/\/ladepeche.mr\/index.php?rest_route=\/wp\/v2\/posts"}],"about":[{"href":"https:\/\/ladepeche.mr\/index.php?rest_route=\/wp\/v2\/types\/post"}],"author":[{"embeddable":true,"href":"https:\/\/ladepeche.mr\/index.php?rest_route=\/wp\/v2\/users\/2"}],"replies":[{"embeddable":true,"href":"https:\/\/ladepeche.mr\/index.php?rest_route=%2Fwp%2Fv2%2Fcomments&post=12932"}],"version-history":[{"count":5,"href":"https:\/\/ladepeche.mr\/index.php?rest_route=\/wp\/v2\/posts\/12932\/revisions"}],"predecessor-version":[{"id":12938,"href":"https:\/\/ladepeche.mr\/index.php?rest_route=\/wp\/v2\/posts\/12932\/revisions\/12938"}],"wp:featuredmedia":[{"embeddable":true,"href":"https:\/\/ladepeche.mr\/index.php?rest_route=\/wp\/v2\/media\/12933"}],"wp:attachment":[{"href":"https:\/\/ladepeche.mr\/index.php?rest_route=%2Fwp%2Fv2%2Fmedia&parent=12932"}],"wp:term":[{"taxonomy":"category","embeddable":true,"href":"https:\/\/ladepeche.mr\/index.php?rest_route=%2Fwp%2Fv2%2Fcategories&post=12932"},{"taxonomy":"post_tag","embeddable":true,"href":"https:\/\/ladepeche.mr\/index.php?rest_route=%2Fwp%2Fv2%2Ftags&post=12932"}],"curies":[{"name":"wp","href":"https:\/\/api.w.org\/{rel}","templated":true}]}}