{"id":12939,"date":"2024-12-23T09:00:36","date_gmt":"2024-12-23T09:00:36","guid":{"rendered":"https:\/\/ladepeche.mr\/?p=12939"},"modified":"2024-12-22T22:32:01","modified_gmt":"2024-12-22T22:32:01","slug":"le-tchad-exige-le-depart-anticipe-de-larmee-francaise","status":"publish","type":"post","link":"https:\/\/ladepeche.mr\/?p=12939","title":{"rendered":"Le Tchad exige le d\u00e9part anticip\u00e9 de l&#8217;arm\u00e9e fran\u00e7aise"},"content":{"rendered":"<div class=\"article-image-slot image-slot-placeholder\" data-doc-id=\"cms\/api\/amp\/image\/AA1wj3Uv\">\n<div class=\"article-image-slot\">\n<div class=\"article-image-container polished\" data-t=\"{&quot;n&quot;:&quot;OpenModal&quot;,&quot;t&quot;:13,&quot;b&quot;:8,&quot;c.i&quot;:&quot;AA1wj8MD&quot;,&quot;c.l&quot;:false,&quot;c.t&quot;:13,&quot;c.v&quot;:&quot;news&quot;,&quot;c.c&quot;:&quot;others&quot;,&quot;c.b&quot;:&quot;Euronews fran\u00e7ais&quot;,&quot;c.bi&quot;:&quot;AA2qy7x&quot;,&quot;c.tv&quot;:&quot;politics&quot;,&quot;c.tc&quot;:&quot;international-relations&quot;,&quot;c.hl&quot;:&quot;Le Tchad exige le d\u00e9part anticip\u00e9 de l'arm\u00e9e fran\u00e7aise&quot;}\" data-test-id=\"AA1wj3Uv\">\n<p data-t=\"{&quot;n&quot;:&quot;blueLinks&quot;}\"><strong>Le Tchad demande le retrait de l&#8217;arm\u00e9e fran\u00e7aise de son territoire avant le 31 d\u00e9cembre.<\/strong><\/p>\n<div class=\"article-image-slot image-slot-placeholder\" data-doc-id=\"cms\/api\/amp\/image\/AA1wj3Uv\">\n<div class=\"article-image-slot\">\n<div class=\"article-image-container polished\" data-t=\"{&quot;n&quot;:&quot;OpenModal&quot;,&quot;t&quot;:13,&quot;b&quot;:8,&quot;c.i&quot;:&quot;AA1wj8MD&quot;,&quot;c.l&quot;:false,&quot;c.t&quot;:13,&quot;c.v&quot;:&quot;news&quot;,&quot;c.c&quot;:&quot;others&quot;,&quot;c.b&quot;:&quot;Euronews fran\u00e7ais&quot;,&quot;c.bi&quot;:&quot;AA2qy7x&quot;,&quot;c.tv&quot;:&quot;politics&quot;,&quot;c.tc&quot;:&quot;international-relations&quot;,&quot;c.hl&quot;:&quot;Le Tchad exige le d\u00e9part anticip\u00e9 de l'arm\u00e9e fran\u00e7aise&quot;}\" data-test-id=\"AA1wj3Uv\">\n<p data-t=\"{&quot;n&quot;:&quot;blueLinks&quot;}\">Des n\u00e9gociations pour un retrait progressif jusqu&#8217;en mars n&#8217;auraient pas abouti et tout s&#8217;est acc\u00e9l\u00e9r\u00e9 cette semaine. Un premier contingent de 120 militaires a d\u00e9j\u00e0 quitt\u00e9 le pays, selon le correspondant d&#8217;Africanews.<\/p>\n<\/div>\n<\/div>\n<\/div>\n<div class=\"intra-article-module\" data-t=\"{&quot;n&quot;:&quot;intraArticle&quot;,&quot;t&quot;:13}\">C&#8217;est une situation qui a pris de court la France qui pr\u00e9parait le retrait effectif des troupes au sol du Tchad \u00e0 partir de la semaine prochaine. Malheureusement, l&#8217;arm\u00e9e a \u00e9t\u00e9 surprise par un communiqu\u00e9 sign\u00e9 hier en date de vendredi 20 d\u00e9cembre du Tchad exigeant le retrait total des effectifs de sa base de Ndjamena pour le 31 d\u00e9cembre prochain.<\/div>\n<div data-t=\"{&quot;n&quot;:&quot;intraArticle&quot;,&quot;t&quot;:13}\">\n<p data-t=\"{&quot;n&quot;:&quot;blueLinks&quot;}\">C&#8217;est donc un \u00e9ni\u00e8me revers pour la France qui entrevoyait le d\u00e9part des premi\u00e8res troupes au sol pour la semaine prochaine notamment en date de mardi. Un d\u00e9part qui apr\u00e8s ce communiqu\u00e9 a \u00e9t\u00e9 ramen\u00e9 ce vendredi dans l&#8217;apr\u00e8s-midi. Ils sont donc 120 hommes qui ont pris le d\u00e9part vers la France.<\/p>\n<div class=\"intra-article-module\" data-t=\"{&quot;n&quot;:&quot;intraArticle&quot;,&quot;t&quot;:13}\">\n<div class=\"articlePageIntraArticleFullWidth ad-slot-placeholder left-image-intra-ad collapsed\" data-ad-index=\"1\">\n<div class=\"intra-article-ad-full left-image-intra-ad\"><\/div>\n<\/div>\n<\/div>\n<p data-t=\"{&quot;n&quot;:&quot;blueLinks&quot;}\">Des brouilles s&#8217;\u00e9taient r\u00e9cemment introduites dans les relations entre les autorit\u00e9s des deux pays \u00e0 la suite d&#8217;une violente attaque subie par les forces tchadiennes dans la r\u00e9gion du Lac Tchad. \u00c0 cette occasion, une quarantaine de soldats tchadiens ont perdu la vie.<\/p>\n<p class=\"continue-read-break\" data-t=\"{&quot;n&quot;:&quot;blueLinks&quot;}\">Il s&#8217;en est suivi des communiqu\u00e9s o\u00f9 le Tchad accusait la France de &#8220;refus d&#8217;informations et refus d&#8217;assistance&#8221;.<\/p>\n<p data-t=\"{&quot;n&quot;:&quot;blueLinks&quot;}\">Une situation qui aurait laiss\u00e9 un go\u00fbt amer du c\u00f4t\u00e9 de Ndjamena qui exige donc le retrait d\u00e9finitif des soldats fran\u00e7ais du Tchad.<\/p>\n<p data-t=\"{&quot;n&quot;:&quot;blueLinks&quot;}\">La demande tchadienne est suivie par une s\u00e9rie de manifestations dans plusieurs villes du pays appelant au d\u00e9part de l&#8217;arm\u00e9e fran\u00e7aise.<\/p>\n<p data-t=\"{&quot;n&quot;:&quot;blueLinks&quot;}\">Jo\u00ebl Honor\u00e9 Kouam, Ndjamena pour Africanews.<\/p>\n<\/div>\n<p data-t=\"{&quot;n&quot;:&quot;blueLinks&quot;}\">\n<p data-t=\"{&quot;n&quot;:&quot;blueLinks&quot;}\">\n<p data-t=\"{&quot;n&quot;:&quot;blueLinks&quot;}\">\n<div class=\"intra-article-module\" data-t=\"{&quot;n&quot;:&quot;intraArticle&quot;,&quot;t&quot;:13}\"><\/div>\n<p data-t=\"{&quot;n&quot;:&quot;blueLinks&quot;}\">\n<p data-t=\"{&quot;n&quot;:&quot;blueLinks&quot;}\">\n<div class=\"intra-article-module-bottom-slot\" data-t=\"{&quot;n&quot;:&quot;intraArticle&quot;,&quot;t&quot;:13}\"><\/div>\n<\/div>\n<\/div>\n<\/div>\n","protected":false},"excerpt":{"rendered":"<p>Le Tchad demande le retrait de l&#8217;arm\u00e9e fran\u00e7aise de son territoire avant le 31 d\u00e9cembre. Des n\u00e9gociations pour un retrait progressif jusqu&#8217;en mars n&#8217;auraient pas abouti et tout s&#8217;est acc\u00e9l\u00e9r\u00e9 cette semaine. Un premier contingent de 120 militaires a d\u00e9j\u00e0 quitt\u00e9 le pays, selon le correspondant d&#8217;Africanews. C&#8217;est une situation qui a pris de court &hellip;<\/p>\n","protected":false},"author":2,"featured_media":12940,"comment_status":"open","ping_status":"open","sticky":false,"template":"","format":"standard","meta":{"footnotes":""},"categories":[18,29],"tags":[],"class_list":["post-12939","post","type-post","status-publish","format-standard","has-post-thumbnail","hentry","category-actualites","category-monde"],"_links":{"self":[{"href":"https:\/\/ladepeche.mr\/index.php?rest_route=\/wp\/v2\/posts\/12939","targetHints":{"allow":["GET"]}}],"collection":[{"href":"https:\/\/ladepeche.mr\/index.php?rest_route=\/wp\/v2\/posts"}],"about":[{"href":"https:\/\/ladepeche.mr\/index.php?rest_route=\/wp\/v2\/types\/post"}],"author":[{"embeddable":true,"href":"https:\/\/ladepeche.mr\/index.php?rest_route=\/wp\/v2\/users\/2"}],"replies":[{"embeddable":true,"href":"https:\/\/ladepeche.mr\/index.php?rest_route=%2Fwp%2Fv2%2Fcomments&post=12939"}],"version-history":[{"count":1,"href":"https:\/\/ladepeche.mr\/index.php?rest_route=\/wp\/v2\/posts\/12939\/revisions"}],"predecessor-version":[{"id":12941,"href":"https:\/\/ladepeche.mr\/index.php?rest_route=\/wp\/v2\/posts\/12939\/revisions\/12941"}],"wp:featuredmedia":[{"embeddable":true,"href":"https:\/\/ladepeche.mr\/index.php?rest_route=\/wp\/v2\/media\/12940"}],"wp:attachment":[{"href":"https:\/\/ladepeche.mr\/index.php?rest_route=%2Fwp%2Fv2%2Fmedia&parent=12939"}],"wp:term":[{"taxonomy":"category","embeddable":true,"href":"https:\/\/ladepeche.mr\/index.php?rest_route=%2Fwp%2Fv2%2Fcategories&post=12939"},{"taxonomy":"post_tag","embeddable":true,"href":"https:\/\/ladepeche.mr\/index.php?rest_route=%2Fwp%2Fv2%2Ftags&post=12939"}],"curies":[{"name":"wp","href":"https:\/\/api.w.org\/{rel}","templated":true}]}}