{"id":12942,"date":"2024-12-22T22:38:34","date_gmt":"2024-12-22T22:38:34","guid":{"rendered":"https:\/\/ladepeche.mr\/?p=12942"},"modified":"2024-12-22T22:38:34","modified_gmt":"2024-12-22T22:38:34","slug":"gaza-le-pape-francois-persiste-et-condamne-encore-la-cruaute-des-frappes","status":"publish","type":"post","link":"https:\/\/ladepeche.mr\/?p=12942","title":{"rendered":"Gaza: le pape Fran\u00e7ois persiste et condamne encore \u00abla cruaut\u00e9\u00bb des frappes"},"content":{"rendered":"<div class=\"title title_articleChapo Article-chapo\">Cit\u00e9 du Vatican &#8211; \u00ab\u00a0C\u2019est avec douleur que je pense \u00e0 Gaza, \u00e0 tant de cruaut\u00e9, aux enfants mitraill\u00e9s, aux bombardements d&#8217;\u00e9coles et d\u2019h\u00f4pitaux. Combien de cruaut\u00e9\u00a0\u00bb, a indiqu\u00e9 le pape Fran\u00e7ois \u00e0 l\u2019issue de la pri\u00e8re dominicale de l\u2019Ang\u00e9lus. Dans des propos similaires samedi, il avait provoqu\u00e9 une r\u00e9action irrit\u00e9e d\u2019Isra\u00ebl<\/div>\n<div class=\"Article-actions\">\n<div class=\"Article-actionsGroup\">\n<div class=\"Article-metaSocialContainer\">\n<div class=\"Article-meta\">\n<p>\u00ab\u00a0C\u2019est avec douleur que je pense \u00e0 Gaza, \u00e0 tant de cruaut\u00e9, aux enfants mitraill\u00e9s, aux bombardements d&#8217;\u00e9coles et d\u2019h\u00f4pitaux. Combien de cruaut\u00e9\u00a0\u00bb, a-t-il dit \u00e0 l\u2019issue de la pri\u00e8re dominicale de l\u2019Ang\u00e9lus. Samedi matin, le\u00a0<a class=\"Link \" href=\"https:\/\/www.lopinion.fr\/politique\/visite-du-pape-en-corse-francois-defend-une-laicite-qui-ne-soit-pas-statique-et-figee\" data-cms-ai=\"0\" data-mrf-link=\"https:\/\/www.lopinion.fr\/politique\/visite-du-pape-en-corse-francois-defend-une-laicite-qui-ne-soit-pas-statique-et-figee\">pape Fran\u00e7ois<\/a> s&#8217;\u00e9tait d\u00e9j\u00e0 \u00e9mu de la mort de sept enfants de la m\u00eame famille \u00e0 Gaza, annonc\u00e9e la veille par la D\u00e9fense civile du territoire palestinien.<\/p>\n<div class=\"paywall-premium\">\n<p>\u00ab\u00a0Hier (vendredi), des enfants ont \u00e9t\u00e9 bombard\u00e9s. C\u2019est de la cruaut\u00e9, ce n\u2019est pas la guerre. Je tiens \u00e0 le dire parce que cela me touche au c\u0153ur\u00a0\u00bb, avait-il affirm\u00e9 devant des membres du gouvernement du Saint-Si\u00e8ge, provoquant une r\u00e9action irrit\u00e9e\u00a0<a class=\"Link \" href=\"https:\/\/www.lopinion.fr\/international\/au-c%C5%93ur-de-la-zone-de-controle-israelienne-a-gaza\" data-cms-ai=\"0\" data-mrf-link=\"https:\/\/www.lopinion.fr\/international\/au-c%C5%93ur-de-la-zone-de-controle-israelienne-a-gaza\">d\u2019Isra\u00ebl<\/a>&#8230;<\/p>\n<\/div>\n<\/div>\n<\/div>\n<\/div>\n<\/div>\n","protected":false},"excerpt":{"rendered":"<p>Cit\u00e9 du Vatican &#8211; \u00ab\u00a0C\u2019est avec douleur que je pense \u00e0 Gaza, \u00e0 tant de cruaut\u00e9, aux enfants mitraill\u00e9s, aux bombardements d&#8217;\u00e9coles et d\u2019h\u00f4pitaux. Combien de cruaut\u00e9\u00a0\u00bb, a indiqu\u00e9 le pape Fran\u00e7ois \u00e0 l\u2019issue de la pri\u00e8re dominicale de l\u2019Ang\u00e9lus. Dans des propos similaires samedi, il avait provoqu\u00e9 une r\u00e9action irrit\u00e9e d\u2019Isra\u00ebl \u00ab\u00a0C\u2019est avec douleur &hellip;<\/p>\n","protected":false},"author":2,"featured_media":12943,"comment_status":"open","ping_status":"open","sticky":false,"template":"","format":"standard","meta":{"footnotes":""},"categories":[18,29],"tags":[],"class_list":["post-12942","post","type-post","status-publish","format-standard","has-post-thumbnail","hentry","category-actualites","category-monde"],"_links":{"self":[{"href":"https:\/\/ladepeche.mr\/index.php?rest_route=\/wp\/v2\/posts\/12942","targetHints":{"allow":["GET"]}}],"collection":[{"href":"https:\/\/ladepeche.mr\/index.php?rest_route=\/wp\/v2\/posts"}],"about":[{"href":"https:\/\/ladepeche.mr\/index.php?rest_route=\/wp\/v2\/types\/post"}],"author":[{"embeddable":true,"href":"https:\/\/ladepeche.mr\/index.php?rest_route=\/wp\/v2\/users\/2"}],"replies":[{"embeddable":true,"href":"https:\/\/ladepeche.mr\/index.php?rest_route=%2Fwp%2Fv2%2Fcomments&post=12942"}],"version-history":[{"count":1,"href":"https:\/\/ladepeche.mr\/index.php?rest_route=\/wp\/v2\/posts\/12942\/revisions"}],"predecessor-version":[{"id":12944,"href":"https:\/\/ladepeche.mr\/index.php?rest_route=\/wp\/v2\/posts\/12942\/revisions\/12944"}],"wp:featuredmedia":[{"embeddable":true,"href":"https:\/\/ladepeche.mr\/index.php?rest_route=\/wp\/v2\/media\/12943"}],"wp:attachment":[{"href":"https:\/\/ladepeche.mr\/index.php?rest_route=%2Fwp%2Fv2%2Fmedia&parent=12942"}],"wp:term":[{"taxonomy":"category","embeddable":true,"href":"https:\/\/ladepeche.mr\/index.php?rest_route=%2Fwp%2Fv2%2Fcategories&post=12942"},{"taxonomy":"post_tag","embeddable":true,"href":"https:\/\/ladepeche.mr\/index.php?rest_route=%2Fwp%2Fv2%2Ftags&post=12942"}],"curies":[{"name":"wp","href":"https:\/\/api.w.org\/{rel}","templated":true}]}}