{"id":12951,"date":"2024-12-23T19:35:20","date_gmt":"2024-12-23T19:35:20","guid":{"rendered":"https:\/\/ladepeche.mr\/?p=12951"},"modified":"2024-12-23T19:38:24","modified_gmt":"2024-12-23T19:38:24","slug":"proces-de-lancien-president-la-defense-crie-au-scandale-judiciaire","status":"publish","type":"post","link":"https:\/\/ladepeche.mr\/?p=12951","title":{"rendered":"Proc\u00e8s de l\u2019ancien pr\u00e9sident\u00a0: La d\u00e9fense crie au scandale judiciaire"},"content":{"rendered":"<p>La d\u00e9fense de l\u2019ancien pr\u00e9sident mauritanien Mohamed Ould Abdel Aziz a exprim\u00e9 son m\u00e9contentement face \u00e0 la d\u00e9cision de la Cour supr\u00eame rejetant dans la forme son recours contre les juges de la chambre criminelle de la cour d\u2019appel.<\/p>\n<p>Pour la d\u00e9fense de l\u2019ancien pr\u00e9sident, il n\u2019y a pas l\u2019ombre d\u2019un doute qu\u2019il s\u2019agirait d\u2019 \u00abune implication du pouvoir judiciaire dans la politique \u00bb, soulignant que cela affecte n\u00e9gativement la cr\u00e9dibilit\u00e9 de la justice et la lic\u00e9it\u00e9 des d\u00e9cisions judiciaires.<\/p>\n<p>Le tribunal avait rejet\u00e9, le 18 d\u00e9cembre 2024, et jug\u00e9 irrecevable dans la forme, le recours introduit par l\u2019ancien pr\u00e9sident Mohamed Ould Abdel Aziz contre les juges examinant son cas.<\/p>\n<p>La d\u00e9fense de l\u2019ex-pr\u00e9sident a argu\u00e9 que la Cour supr\u00eame avait commis plusieurs violations de la loi dans le cadre du traitement de l&#8217;affaire, notamment\u00a0par la \u00ab\u00a0politisation\u00a0\u00bb de l\u2019affaire. Selon la d\u00e9fense \u00ab\u00a0a d\u00e9cision du tribunal refl\u00e8te une nette politisation de l\u2019affaire, notant que les accusations et les condamnations port\u00e9es contre Ould Abdel Aziz reposent sur des consid\u00e9rations politiques plut\u00f4t que juridiques\u00a0\u00bb. \u00a0La d\u00e9fense \u00e9gratigne le minist\u00e8re public et la Cour supr\u00eame pour \u00ab\u00a0occultation des textes juridiques clairs\u00a0\u00bb.<\/p>\n<p>\u00ab L&#8217;ind\u00e9pendance du pouvoir judiciaire dans l\u2019affaire de l&#8217;ancien pr\u00e9sident \u00bb serait biais\u00e9 par une instrumentalisation de la Justice pour des raisons politiques, pr\u00e9tend la d\u00e9fense de l\u2019ex-pr\u00e9sident. La d\u00e9fense s\u2019est enfin insurg\u00e9e contre la sortie dans les m\u00e9dias du pr\u00e9sident du p\u00f4le de d\u00e9fense de l\u2019Etat, partie civile, Me Ebetty qui dans des rencontres avec les m\u00e9dias a accus\u00e9 l\u2019ancien pr\u00e9sident de diffamer dans ses d\u00e9clarations au tribunal des personnalit\u00e9s et hommes d\u2019affaires dans le pays.<\/p>\n","protected":false},"excerpt":{"rendered":"<p>La d\u00e9fense de l\u2019ancien pr\u00e9sident mauritanien Mohamed Ould Abdel Aziz a exprim\u00e9 son m\u00e9contentement face \u00e0 la d\u00e9cision de la Cour supr\u00eame rejetant dans la forme son recours contre les juges de la chambre criminelle de la cour d\u2019appel. Pour la d\u00e9fense de l\u2019ancien pr\u00e9sident, il n\u2019y a pas l\u2019ombre d\u2019un doute qu\u2019il s\u2019agirait d\u2019 &hellip;<\/p>\n","protected":false},"author":2,"featured_media":1755,"comment_status":"open","ping_status":"open","sticky":false,"template":"","format":"standard","meta":{"footnotes":""},"categories":[18,31],"tags":[],"class_list":["post-12951","post","type-post","status-publish","format-standard","has-post-thumbnail","hentry","category-actualites","category-politique-et-reportages"],"_links":{"self":[{"href":"https:\/\/ladepeche.mr\/index.php?rest_route=\/wp\/v2\/posts\/12951","targetHints":{"allow":["GET"]}}],"collection":[{"href":"https:\/\/ladepeche.mr\/index.php?rest_route=\/wp\/v2\/posts"}],"about":[{"href":"https:\/\/ladepeche.mr\/index.php?rest_route=\/wp\/v2\/types\/post"}],"author":[{"embeddable":true,"href":"https:\/\/ladepeche.mr\/index.php?rest_route=\/wp\/v2\/users\/2"}],"replies":[{"embeddable":true,"href":"https:\/\/ladepeche.mr\/index.php?rest_route=%2Fwp%2Fv2%2Fcomments&post=12951"}],"version-history":[{"count":2,"href":"https:\/\/ladepeche.mr\/index.php?rest_route=\/wp\/v2\/posts\/12951\/revisions"}],"predecessor-version":[{"id":12953,"href":"https:\/\/ladepeche.mr\/index.php?rest_route=\/wp\/v2\/posts\/12951\/revisions\/12953"}],"wp:featuredmedia":[{"embeddable":true,"href":"https:\/\/ladepeche.mr\/index.php?rest_route=\/wp\/v2\/media\/1755"}],"wp:attachment":[{"href":"https:\/\/ladepeche.mr\/index.php?rest_route=%2Fwp%2Fv2%2Fmedia&parent=12951"}],"wp:term":[{"taxonomy":"category","embeddable":true,"href":"https:\/\/ladepeche.mr\/index.php?rest_route=%2Fwp%2Fv2%2Fcategories&post=12951"},{"taxonomy":"post_tag","embeddable":true,"href":"https:\/\/ladepeche.mr\/index.php?rest_route=%2Fwp%2Fv2%2Ftags&post=12951"}],"curies":[{"name":"wp","href":"https:\/\/api.w.org\/{rel}","templated":true}]}}