{"id":12954,"date":"2024-12-24T11:19:04","date_gmt":"2024-12-24T11:19:04","guid":{"rendered":"https:\/\/ladepeche.mr\/?p=12954"},"modified":"2024-12-24T11:22:20","modified_gmt":"2024-12-24T11:22:20","slug":"migration-lespagne-offre-les-premieres-opportunites-demplois-reguliers-aux-mauritaniens","status":"publish","type":"post","link":"https:\/\/ladepeche.mr\/?p=12954","title":{"rendered":"Migration\u00a0: L\u2019Espagne offre les premi\u00e8res opportunit\u00e9s d\u2019emplois r\u00e9guliers aux mauritaniens"},"content":{"rendered":"<p>Un avis de recrutement de 50 ouvriers agricoles mauritaniens a \u00e9t\u00e9 officiellement lanc\u00e9, le 20 d\u00e9cembre 2024, par les autorit\u00e9s mauritaniennes et espagnoles, via l&#8217;agence Techghil, en ouverture d\u2019un projet pilote de migration circulaire entre les deux pays.<\/p>\n<p>Les autorit\u00e9s des deux pays expliquent que dans le cadre de la lutte contre l\u2019immigration clandestine et pour favoriser une migration circulaire, elles ont sign\u00e9 un m\u00e9morandum d\u2019entente pour la mise en place d\u2019un programme exp\u00e9rimental pour le recrutement dans leur pays d\u2019un premier contingent de travailleurs mauritaniens, \u00e2g\u00e9s entre 25 et 50 ans. Ils seront s\u00e9lectionn\u00e9s sur 300 candidats. Le d\u00e9lai de d\u00e9p\u00f4t des candidatures est fix\u00e9 entre le 20 d\u00e9cembre 2024 et le 3 janvier 2025.<\/p>\n<p>Plusieurs conditions sont \u00e9num\u00e9r\u00e9es dans l\u2019avis de recrutement, et une s\u00e9lection qui sera, sans doute, cors\u00e9e \u00e9tant entendu que beaucoup de jeunes mauritaniens veulent se rendre et travailler l\u00e9galement en Europe. Les heureux \u00e9lus obtiendront des titres de travail, des contrats CDD et des titres de s\u00e9jour qui, s\u2019ils sont respectueux des accords nou\u00e9s, pourraient muer vers l\u2019opportunit\u00e9 d\u2019escompter une autorisation de s\u00e9jour en Espagne.<\/p>\n<p>Cet accord tire aussi sa force du partenariat entre la Mauritanie et l\u2019UE annonc\u00e9 en mars 2024, par la Commission europ\u00e9enne a annonc\u00e9, \u00e0 Bruxelles, \u00e0 la suite d\u2019une d\u00e9claration conjointe faite par Mohamed Ahmed Ould Mohamed Lemine, ministre mauritanien de l&#8217;Int\u00e9rieur et de la d\u00e9centralisation et Mme Ylva Johanasson, Commissaire aux affaires int\u00e9rieures.<\/p>\n<p>Le partenariat en mati\u00e8re de migration avec la Mauritanie repose sur une coop\u00e9ration fond\u00e9e sur la solidarit\u00e9, la responsabilit\u00e9 partag\u00e9e et le respect des droits humains fondamentaux et notamment sur le 3<sup>\u00e8me<\/sup> pillier de coop\u00e9ration portant sur ma \u00ab\u00a0Promotion de la migration l\u00e9gale<strong>:<\/strong>\u00a0en encourageant la mobilit\u00e9, notamment celle des \u00e9tudiants, des chercheurs et des entrepreneurs, ainsi qu&#8217;en \u00e9tudiant encore comment renforcer la mobilit\u00e9 circulaire et l&#8217;acc\u00e8s au march\u00e9 de l&#8217;emploi de l&#8217;UE pour les Mauritaniens vivant en Europe et les aider \u00e0 s&#8217;int\u00e9grer\u00bb.<\/p>\n<p>Le lien pour d\u00e9poser sa candidature: <a href=\"https:\/\/techghil.mr\/cms\/avis-de-recrutement-douvriers-agricoles-migration-circulaire-avec-le-royaume-despagne?lang=ar\">TECHGHIL | \u0625\u0639\u0644\u0627\u0646 \u0627\u0643\u062a\u062a\u0627\u0628 \u0639\u0645\u0627\u0644 \u0632\u0631\u0627\u0639\u064a\u064a\u0646 \u2013 \u0627\u0644\u0647\u062c\u0631\u0629 \u0627\u0644\u062f\u0627\u0626\u0631\u064a\u0629 \u0645\u0639 \u0645\u0645\u0644\u0643\u0629 \u0625\u0633\u0628\u0627\u0646\u064a\u0627<\/a><\/p>\n","protected":false},"excerpt":{"rendered":"<p>Un avis de recrutement de 50 ouvriers agricoles mauritaniens a \u00e9t\u00e9 officiellement lanc\u00e9, le 20 d\u00e9cembre 2024, par les autorit\u00e9s mauritaniennes et espagnoles, via l&#8217;agence Techghil, en ouverture d\u2019un projet pilote de migration circulaire entre les deux pays. Les autorit\u00e9s des deux pays expliquent que dans le cadre de la lutte contre l\u2019immigration clandestine et &hellip;<\/p>\n","protected":false},"author":2,"featured_media":12955,"comment_status":"open","ping_status":"open","sticky":false,"template":"","format":"standard","meta":{"footnotes":""},"categories":[18,2,29],"tags":[],"class_list":["post-12954","post","type-post","status-publish","format-standard","has-post-thumbnail","hentry","category-actualites","category-economie","category-monde"],"_links":{"self":[{"href":"https:\/\/ladepeche.mr\/index.php?rest_route=\/wp\/v2\/posts\/12954","targetHints":{"allow":["GET"]}}],"collection":[{"href":"https:\/\/ladepeche.mr\/index.php?rest_route=\/wp\/v2\/posts"}],"about":[{"href":"https:\/\/ladepeche.mr\/index.php?rest_route=\/wp\/v2\/types\/post"}],"author":[{"embeddable":true,"href":"https:\/\/ladepeche.mr\/index.php?rest_route=\/wp\/v2\/users\/2"}],"replies":[{"embeddable":true,"href":"https:\/\/ladepeche.mr\/index.php?rest_route=%2Fwp%2Fv2%2Fcomments&post=12954"}],"version-history":[{"count":3,"href":"https:\/\/ladepeche.mr\/index.php?rest_route=\/wp\/v2\/posts\/12954\/revisions"}],"predecessor-version":[{"id":12958,"href":"https:\/\/ladepeche.mr\/index.php?rest_route=\/wp\/v2\/posts\/12954\/revisions\/12958"}],"wp:featuredmedia":[{"embeddable":true,"href":"https:\/\/ladepeche.mr\/index.php?rest_route=\/wp\/v2\/media\/12955"}],"wp:attachment":[{"href":"https:\/\/ladepeche.mr\/index.php?rest_route=%2Fwp%2Fv2%2Fmedia&parent=12954"}],"wp:term":[{"taxonomy":"category","embeddable":true,"href":"https:\/\/ladepeche.mr\/index.php?rest_route=%2Fwp%2Fv2%2Fcategories&post=12954"},{"taxonomy":"post_tag","embeddable":true,"href":"https:\/\/ladepeche.mr\/index.php?rest_route=%2Fwp%2Fv2%2Ftags&post=12954"}],"curies":[{"name":"wp","href":"https:\/\/api.w.org\/{rel}","templated":true}]}}