{"id":12965,"date":"2024-12-24T12:10:22","date_gmt":"2024-12-24T12:10:22","guid":{"rendered":"https:\/\/ladepeche.mr\/?p=12965"},"modified":"2024-12-24T11:55:26","modified_gmt":"2024-12-24T11:55:26","slug":"un-soldat-franco-israelien-vise-par-une-plainte-pour-crime-contre-lhumanite-et-genocide","status":"publish","type":"post","link":"https:\/\/ladepeche.mr\/?p=12965","title":{"rendered":"Un soldat franco-isra\u00e9lien vis\u00e9 par une plainte pour crime contre l&#8217;humanit\u00e9 et g\u00e9nocide"},"content":{"rendered":"<div class=\"c-chapo \">Une premi\u00e8re plainte avait \u00e9t\u00e9 d\u00e9pos\u00e9e en avril par trois associations propalestiniennes contre ce soldat, pour les m\u00eames faits. Elle avait \u00e9t\u00e9 class\u00e9e en septembre par le Pnat. Le d\u00e9p\u00f4t d&#8217;une plainte cette fois avec constitution de partie civile permet de saisir directement un juge d&#8217;instruction pour relancer l&#8217;enqu\u00eate.<\/div>\n<div>Plusieurs associations d\u00e9posent mardi 17 d\u00e9cembre une plainte avec constitution de partie civile contre\u00a0<a href=\"https:\/\/www.francetvinfo.fr\/monde\/proche-orient\/israel-palestine\/un-soldat-franco-israelien-vise-par-une-plainte-pour-actes-de-torture-sur-des-palestiniens_6491594.html\">un soldat franco-isra\u00e9lien<\/a>, accus\u00e9 de torture, crime de guerre, crime contre l&#8217;humanit\u00e9 et g\u00e9nocide, \u00e0 l&#8217;encontre de civils arr\u00eat\u00e9s \u00e0 Gaza, au mois de janvier, selon les informations de franceinfo.<\/div>\n<div>\n<p>Cette plainte, que franceinfo a pu consulter, est port\u00e9e par la F\u00e9d\u00e9ration internationale pour les droits humains (FIDH) et trois associations palestiniennes (Al-Haq, Al Mezan Center, et le Centre palestinien pour les droits de l&#8217;homme).<\/p>\n<h2 class=\"subheader\">Une vid\u00e9o &#8220;abjecte et choquante&#8221;<\/h2>\n<p>Le soldat vis\u00e9 est un ressortissant franco-isra\u00e9lien, identifi\u00e9 par ces associations comme \u00e9tant \u00e0 l&#8217;origine d&#8217;une vid\u00e9o publi\u00e9e par un compte X, le\u00a019 mars. Sur cette vid\u00e9o, qualifi\u00e9e \u00e0 l&#8217;\u00e9poque\u00a0<em>&#8220;d&#8217;abjecte et choquante&#8221;<\/em>\u00a0par le Quai d&#8217;Orsay, il filme un homme entrav\u00e9, les yeux band\u00e9s, \u00e0 moiti\u00e9 d\u00e9v\u00eatu, avec une corde autour du cou, en train d&#8217;\u00eatre extrait d&#8217;un camion.<\/p>\n<p>On entend une voix dire\u00a0:\u00a0<em>&#8220;T&#8217;as vu ces encul\u00e9s, mon neveu\u00a0?<\/em>\u00a0[&#8230;]\u00a0<em>il s&#8217;est piss\u00e9 dessus. Je vais te montrer son dos, tu vas rigoler, ils l&#8217;ont tortur\u00e9 pour le faire parler.&#8221;<\/em><\/p>\n<p>La vid\u00e9o se poursuit et l&#8217;on voit plusieurs hommes entass\u00e9s, entrav\u00e9s, que la voix interpelle :<em>\u00a0&#8220;Vous \u00e9tiez contents le 7 octobre ?&#8221;<\/em>\u00a0; et insulte \u00e0 plusieurs reprises.<\/p>\n<h2 class=\"subheader\">Des actes qui visent \u00e0 &#8220;d\u00e9shumaniser&#8221; et &#8220;nier la dignit\u00e9&#8221;<\/h2>\n<p>La plainte d\u00e9nonce les mauvais traitements inflig\u00e9s aux prisonniers gazaouis, soumis \u00e0 des s\u00e9vices physiques, des passages \u00e0 tabac, noyades, \u00e9lectrocution, attaques de chiens, s\u00e9vices sexuels et psychologiques. Elle insiste sur le caract\u00e8re\u00a0<em>&#8220;syst\u00e9mique&#8221;<\/em>\u00a0de ces pratiques, et met en \u00e9vidence le caract\u00e8re intentionnel de ces actes qui visent \u00e0\u00a0<em>&#8220;d\u00e9shumaniser&#8221;<\/em>\u00a0et<em>\u00a0&#8220;nier la dignit\u00e9&#8221;<\/em>.<\/p>\n<p><em>&#8220;Ce sont des sch\u00e9mas qu&#8217;on a beaucoup retrouv\u00e9s dans des t\u00e9moignages qui ont \u00e9t\u00e9 collect\u00e9s directement \u00e0 Gaza, aupr\u00e8s de victimes rescap\u00e9es, avec des t\u00e9moignages d\u00e9crivant la pr\u00e9sence de mineurs, des enfants arr\u00eat\u00e9s et soumis aux m\u00eames actes de torture, encore une fois avec des t\u00e9moignages de premi\u00e8re main. \u00c7a correspond \u00e0 des sch\u00e9mas de perp\u00e9tration qui sont syst\u00e9matiques&#8221;<\/em>, d\u00e9nonce Cl\u00e9mence Bectarte, avocate de la FIDH.<\/p>\n<p>Une premi\u00e8re plainte contre\u00a0X avait \u00e9t\u00e9 d\u00e9pos\u00e9e en avril par trois associations pro-palestiniennes contre ce soldat, pour les m\u00eames faits. Elle avait \u00e9t\u00e9 class\u00e9e en septembre par le Parquet national antiterroriste (Pnat), qui avait estim\u00e9 que les faits \u00e9taient\u00a0<em>&#8220;insuffisamment caract\u00e9ris\u00e9s&#8221;<\/em>. Le d\u00e9p\u00f4t d&#8217;une plainte avec constitution de partie civile, comme c&#8217;est le cas ici, permet de saisir directement un juge d&#8217;instruction pour relancer l&#8217;enqu\u00eate, malgr\u00e9 l&#8217;avis n\u00e9gatif rendu par le Pnat.<\/p>\n<p>https:\/\/www.francetvinfo.fr\/monde\/proche-orient\/israel-palestine\/info-franceinfo-un-soldat-franco-israelien-vise-par-une-plainte-pour-crime-contre-l-humanite-et-genocide_6958808.html<\/p>\n<\/div>\n","protected":false},"excerpt":{"rendered":"<p>Une premi\u00e8re plainte avait \u00e9t\u00e9 d\u00e9pos\u00e9e en avril par trois associations propalestiniennes contre ce soldat, pour les m\u00eames faits. Elle avait \u00e9t\u00e9 class\u00e9e en septembre par le Pnat. Le d\u00e9p\u00f4t d&#8217;une plainte cette fois avec constitution de partie civile permet de saisir directement un juge d&#8217;instruction pour relancer l&#8217;enqu\u00eate. Plusieurs associations d\u00e9posent mardi 17 d\u00e9cembre &hellip;<\/p>\n","protected":false},"author":2,"featured_media":12966,"comment_status":"open","ping_status":"open","sticky":false,"template":"","format":"standard","meta":{"footnotes":""},"categories":[18,29],"tags":[],"class_list":["post-12965","post","type-post","status-publish","format-standard","has-post-thumbnail","hentry","category-actualites","category-monde"],"_links":{"self":[{"href":"https:\/\/ladepeche.mr\/index.php?rest_route=\/wp\/v2\/posts\/12965","targetHints":{"allow":["GET"]}}],"collection":[{"href":"https:\/\/ladepeche.mr\/index.php?rest_route=\/wp\/v2\/posts"}],"about":[{"href":"https:\/\/ladepeche.mr\/index.php?rest_route=\/wp\/v2\/types\/post"}],"author":[{"embeddable":true,"href":"https:\/\/ladepeche.mr\/index.php?rest_route=\/wp\/v2\/users\/2"}],"replies":[{"embeddable":true,"href":"https:\/\/ladepeche.mr\/index.php?rest_route=%2Fwp%2Fv2%2Fcomments&post=12965"}],"version-history":[{"count":1,"href":"https:\/\/ladepeche.mr\/index.php?rest_route=\/wp\/v2\/posts\/12965\/revisions"}],"predecessor-version":[{"id":12967,"href":"https:\/\/ladepeche.mr\/index.php?rest_route=\/wp\/v2\/posts\/12965\/revisions\/12967"}],"wp:featuredmedia":[{"embeddable":true,"href":"https:\/\/ladepeche.mr\/index.php?rest_route=\/wp\/v2\/media\/12966"}],"wp:attachment":[{"href":"https:\/\/ladepeche.mr\/index.php?rest_route=%2Fwp%2Fv2%2Fmedia&parent=12965"}],"wp:term":[{"taxonomy":"category","embeddable":true,"href":"https:\/\/ladepeche.mr\/index.php?rest_route=%2Fwp%2Fv2%2Fcategories&post=12965"},{"taxonomy":"post_tag","embeddable":true,"href":"https:\/\/ladepeche.mr\/index.php?rest_route=%2Fwp%2Fv2%2Ftags&post=12965"}],"curies":[{"name":"wp","href":"https:\/\/api.w.org\/{rel}","templated":true}]}}