{"id":12968,"date":"2024-12-24T12:40:08","date_gmt":"2024-12-24T12:40:08","guid":{"rendered":"https:\/\/ladepeche.mr\/?p=12968"},"modified":"2024-12-24T11:59:40","modified_gmt":"2024-12-24T11:59:40","slug":"sahel-afrique-de-louest-le-premier-ministre-recoit-la-presidente-du-reseau-de-prevision-des-crises-alimentaires-et-nutritionnelles","status":"publish","type":"post","link":"https:\/\/ladepeche.mr\/?p=12968","title":{"rendered":"Sahel-Afrique de l&#8217;Ouest: Le Premier ministre re\u00e7oit la Pr\u00e9sidente du R\u00e9seau de pr\u00e9vision des crises alimentaires et nutritionnelles"},"content":{"rendered":"<p>Le Premier ministre, M. Mokhtar Ould Diay a re\u00e7u, vendredi soir, \u00e0 son cabinet, \u00e0 Nouakchott, Hadizatou Rosine Sori-Coulibaly, Responsable du R\u00e9seau de Pr\u00e9vision des Crises Alimentaires et Nutritionnelles au Sahel et en Afrique de l\u2019Ouest..<\/p>\n<p>Dans une d\u00e9claration \u00e0 l\u2019Agence Mauritanienne d\u2019Information, \u00e0 l\u2019issue de la rencontre, la responsable du r\u00e9seau a expliqu\u00e9 que l\u2019objectif de cette visite est de partager les informations sur la situation alimentaire dans les pays de la Communaut\u00e9 Economique des Etats de l\u2019Afrique de l\u2019Ouest (CEDEAO) et du Sahel, notant que le r\u00e9seau est une plateforme \u00e0 laquelle participent de nombreux pays et acteurs et comprend de nombreuses organisations et partenaires techniques qui l\u2019accompagnent.<\/p>\n<p>Elle a inform\u00e9 le Premier ministre des r\u00e9sultats des travaux du r\u00e9seau, en remerciant le gouvernement mauritanien qui a mis en place toutes les conditions pour atteindre les objectifs fix\u00e9s.<\/p>\n<p>Elle a soulign\u00e9 que la r\u00e9union leur a permis de b\u00e9n\u00e9ficier de l\u2019exp\u00e9rience de la Mauritanie en mati\u00e8re de r\u00e9ponse aux crises alimentaires, notant que le Premier ministre les a assur\u00e9s du plaidoyer et du soutien de la Mauritanie, en tant que pr\u00e9sident de l\u2019Union africaine, \u00e0 ce r\u00e9seau aux niveaux r\u00e9gional et international.<\/p>\n<p>La r\u00e9union s\u2019est d\u00e9roul\u00e9e en pr\u00e9sence de M. Memme Beibatte, Ministre de l\u2019Agriculture et de la Souverainet\u00e9 Alimentaire, de M. Cheikh Ould Zeidane, Directeur de Cabinet du Premier Ministre, et de M. Sidi Abdallah, Conseiller du Premier Ministre en charge de l\u2019Information et de la Communication.<\/p>\n<p>Ami<\/p>\n<p>Titre LDM<\/p>\n","protected":false},"excerpt":{"rendered":"<p>Le Premier ministre, M. Mokhtar Ould Diay a re\u00e7u, vendredi soir, \u00e0 son cabinet, \u00e0 Nouakchott, Hadizatou Rosine Sori-Coulibaly, Responsable du R\u00e9seau de Pr\u00e9vision des Crises Alimentaires et Nutritionnelles au Sahel et en Afrique de l\u2019Ouest.. Dans une d\u00e9claration \u00e0 l\u2019Agence Mauritanienne d\u2019Information, \u00e0 l\u2019issue de la rencontre, la responsable du r\u00e9seau a expliqu\u00e9 que &hellip;<\/p>\n","protected":false},"author":2,"featured_media":12969,"comment_status":"open","ping_status":"open","sticky":false,"template":"","format":"standard","meta":{"footnotes":""},"categories":[18,29],"tags":[],"class_list":["post-12968","post","type-post","status-publish","format-standard","has-post-thumbnail","hentry","category-actualites","category-monde"],"_links":{"self":[{"href":"https:\/\/ladepeche.mr\/index.php?rest_route=\/wp\/v2\/posts\/12968","targetHints":{"allow":["GET"]}}],"collection":[{"href":"https:\/\/ladepeche.mr\/index.php?rest_route=\/wp\/v2\/posts"}],"about":[{"href":"https:\/\/ladepeche.mr\/index.php?rest_route=\/wp\/v2\/types\/post"}],"author":[{"embeddable":true,"href":"https:\/\/ladepeche.mr\/index.php?rest_route=\/wp\/v2\/users\/2"}],"replies":[{"embeddable":true,"href":"https:\/\/ladepeche.mr\/index.php?rest_route=%2Fwp%2Fv2%2Fcomments&post=12968"}],"version-history":[{"count":1,"href":"https:\/\/ladepeche.mr\/index.php?rest_route=\/wp\/v2\/posts\/12968\/revisions"}],"predecessor-version":[{"id":12970,"href":"https:\/\/ladepeche.mr\/index.php?rest_route=\/wp\/v2\/posts\/12968\/revisions\/12970"}],"wp:featuredmedia":[{"embeddable":true,"href":"https:\/\/ladepeche.mr\/index.php?rest_route=\/wp\/v2\/media\/12969"}],"wp:attachment":[{"href":"https:\/\/ladepeche.mr\/index.php?rest_route=%2Fwp%2Fv2%2Fmedia&parent=12968"}],"wp:term":[{"taxonomy":"category","embeddable":true,"href":"https:\/\/ladepeche.mr\/index.php?rest_route=%2Fwp%2Fv2%2Fcategories&post=12968"},{"taxonomy":"post_tag","embeddable":true,"href":"https:\/\/ladepeche.mr\/index.php?rest_route=%2Fwp%2Fv2%2Ftags&post=12968"}],"curies":[{"name":"wp","href":"https:\/\/api.w.org\/{rel}","templated":true}]}}