{"id":12987,"date":"2024-12-25T09:40:08","date_gmt":"2024-12-25T09:40:08","guid":{"rendered":"https:\/\/ladepeche.mr\/?p=12987"},"modified":"2024-12-25T09:13:53","modified_gmt":"2024-12-25T09:13:53","slug":"la-mauritanie-adhere-au-partenariat-international-sur-linformation-et-la-democratie","status":"publish","type":"post","link":"https:\/\/ladepeche.mr\/?p=12987","title":{"rendered":"La Mauritanie adh\u00e8re au Partenariat international sur l\u2019information et la d\u00e9mocratie"},"content":{"rendered":"<p>La Mauritanie a adh\u00e9r\u00e9 au Partenariat international sur l\u2019information et la d\u00e9mocratie. Par cette d\u00e9marche, la Mauritanie entend contribuer au renforcement de la d\u00e9mocratie dans le monde et \u00e0 la promotion des libert\u00e9s en coop\u00e9rant avec les pays et les organisations qui cherchent \u00e0 atteindre ces objectifs.<\/p>\n<p>\u00ab Notre pays a r\u00e9alis\u00e9 des acquis qualitatifs dans le domaine de la libert\u00e9 de la presse suite \u00e0 l\u2019annonce par Son Excellence le Pr\u00e9sident de la R\u00e9publique Mohamed Ould Cheikh El-Ghazouani, en 2020, de la mise en place de la Haute Comission pour la R\u00e9forme du Secteur des M\u00e9dias et l\u2019adoption par le gouvernement de ses r\u00e9sultats et recommandations \u00bb, a d\u00e9clar\u00e9 le Ministre de la Culture, des Arts, de la Communication et des Relations avec le Parlement, Porte-parole du Gouvernement, M. El Houssein Ould Medou.<\/p>\n<p>Il a ajout\u00e9 que cela se traduisait sur la sc\u00e8ne m\u00e9diatique nationale par \u00ab l\u2019am\u00e9lioration des lois r\u00e9gissant les m\u00e9dias, l\u2019\u00e9largissement des libert\u00e9s, l\u2019autonomisation des journalistes, l\u2019am\u00e9lioration de leurs conditions de travail et la cons\u00e9cration du droit du citoyen \u00e0 des m\u00e9dias libres, qualitatifs, professionnels et diversifi\u00e9s \u00bb.<\/p>\n<p>\u00ab A travers notre adh\u00e9sion au Partenariat International sur l\u2019Information et la D\u00e9mocratie et notre implication active dans la r\u00e9alisation de ses principes, le gouvernement mauritanien, sous la direction du Premier Ministre Mokhtar Ould Diay, cherche \u00e0 travailler avec les signataires pour renforcer la coop\u00e9ration dans le domaine de la libert\u00e9 des m\u00e9dias \u00bb, a d\u00e9clar\u00e9 le ministre.<\/p>\n<p>Il a soulign\u00e9 que \u00ab la Mauritanie restera ouverte \u00e0 toute initiative visant \u00e0 consacrer les libert\u00e9s individuelles et collectives et \u00e0 consolider la d\u00e9mocratie dans le monde, notamment les initiatives lanc\u00e9es par des organisations connues pour leur engagement professionnel et de principe et leurs initiatives novatrices en mati\u00e8re de d\u00e9fense de la libert\u00e9 d\u2019expression, telles que Reporters sans fronti\u00e8res \u00bb.<\/p>\n<p>La Mauritanie cherche \u00e0 \u00e9tablir une coop\u00e9ration efficace bas\u00e9e sur le d\u00e9veloppement commun avec les pays et les organisations qui croient aux valeurs humaines, \u00e0 la fourniture d\u2019informations correctes, \u00e0 la garantie de l\u2019acc\u00e8s \u00e0 l\u2019information et \u00e0 la lutte contre les fake news.<\/p>\n<p>Le Partenariat international sur l\u2019information et la d\u00e9mocratie est une initiative cr\u00e9\u00e9e le 26 septembre 2019 dans le but de promouvoir la d\u00e9mocratie et de pr\u00e9server le droit d\u2019acc\u00e8s \u00e0 l\u2019information face \u00e0 la prolif\u00e9ration des fausses informations.<\/p>\n<p>Le Partenariat r\u00e9unit un groupe d\u2019\u00c9tats, de groupes de la soci\u00e9t\u00e9 civile, d\u2019universitaires et de m\u00e9dias, et vise \u00e0 :<\/p>\n<p>\u2013 Combattre la d\u00e9sinformation : En d\u00e9veloppant des strat\u00e9gies pour contrer les informations fausses et trompeuses qui affectent l\u2019opinion publique et la d\u00e9mocratie.<\/p>\n<p>\u2013 Promouvoir la libert\u00e9 d\u2019expression : En d\u00e9fendant les principes fondamentaux de la libert\u00e9 d\u2019expression et en cr\u00e9ant un environnement comp\u00e9titif et sain pour les m\u00e9dias.<\/p>\n<p>\u2013 \u00c9laboration de politiques : Encourager les gouvernements \u00e0 adopter des politiques qui favorisent la ma\u00eetrise de l\u2019information et la d\u00e9mocratisation.<\/p>\n<p>\u2013 Coop\u00e9ration internationale : Promouvoir la coop\u00e9ration entre les pays et les diff\u00e9rents acteurs pour relever les d\u00e9fis de l\u2019information.<\/p>\n<p>L\u2019initiative de partenariat international, lanc\u00e9e par RSF et la France, regroupe 55 pays.<\/p>\n<p>Ami<\/p>\n","protected":false},"excerpt":{"rendered":"<p>La Mauritanie a adh\u00e9r\u00e9 au Partenariat international sur l\u2019information et la d\u00e9mocratie. Par cette d\u00e9marche, la Mauritanie entend contribuer au renforcement de la d\u00e9mocratie dans le monde et \u00e0 la promotion des libert\u00e9s en coop\u00e9rant avec les pays et les organisations qui cherchent \u00e0 atteindre ces objectifs. \u00ab Notre pays a r\u00e9alis\u00e9 des acquis qualitatifs &hellip;<\/p>\n","protected":false},"author":2,"featured_media":12988,"comment_status":"open","ping_status":"open","sticky":false,"template":"","format":"standard","meta":{"footnotes":""},"categories":[18],"tags":[],"class_list":["post-12987","post","type-post","status-publish","format-standard","has-post-thumbnail","hentry","category-actualites"],"_links":{"self":[{"href":"https:\/\/ladepeche.mr\/index.php?rest_route=\/wp\/v2\/posts\/12987","targetHints":{"allow":["GET"]}}],"collection":[{"href":"https:\/\/ladepeche.mr\/index.php?rest_route=\/wp\/v2\/posts"}],"about":[{"href":"https:\/\/ladepeche.mr\/index.php?rest_route=\/wp\/v2\/types\/post"}],"author":[{"embeddable":true,"href":"https:\/\/ladepeche.mr\/index.php?rest_route=\/wp\/v2\/users\/2"}],"replies":[{"embeddable":true,"href":"https:\/\/ladepeche.mr\/index.php?rest_route=%2Fwp%2Fv2%2Fcomments&post=12987"}],"version-history":[{"count":1,"href":"https:\/\/ladepeche.mr\/index.php?rest_route=\/wp\/v2\/posts\/12987\/revisions"}],"predecessor-version":[{"id":12989,"href":"https:\/\/ladepeche.mr\/index.php?rest_route=\/wp\/v2\/posts\/12987\/revisions\/12989"}],"wp:featuredmedia":[{"embeddable":true,"href":"https:\/\/ladepeche.mr\/index.php?rest_route=\/wp\/v2\/media\/12988"}],"wp:attachment":[{"href":"https:\/\/ladepeche.mr\/index.php?rest_route=%2Fwp%2Fv2%2Fmedia&parent=12987"}],"wp:term":[{"taxonomy":"category","embeddable":true,"href":"https:\/\/ladepeche.mr\/index.php?rest_route=%2Fwp%2Fv2%2Fcategories&post=12987"},{"taxonomy":"post_tag","embeddable":true,"href":"https:\/\/ladepeche.mr\/index.php?rest_route=%2Fwp%2Fv2%2Ftags&post=12987"}],"curies":[{"name":"wp","href":"https:\/\/api.w.org\/{rel}","templated":true}]}}