{"id":12996,"date":"2024-12-25T10:37:39","date_gmt":"2024-12-25T10:37:39","guid":{"rendered":"https:\/\/ladepeche.mr\/?p=12996"},"modified":"2024-12-25T12:02:48","modified_gmt":"2024-12-25T12:02:48","slug":"csm-des-jugent-ont-ils-ete-sanctionnes","status":"publish","type":"post","link":"https:\/\/ladepeche.mr\/?p=12996","title":{"rendered":"CSM\u00a0: Des jugent ont-ils \u00e9t\u00e9 sanctionn\u00e9s\u00a0?"},"content":{"rendered":"<p>Les \u00e9chos qui parviennent de la tenue mardi au palais pr\u00e9sidentiel du dernier Conseil Supr\u00eame de la Magistrature (CSM) font \u00e9tat de mesures de mutations de magistrats interpr\u00e9t\u00e9es comme des sanctions \u00e0 leur encontre, r\u00e9v\u00e8lent nos confr\u00e8res de Al Akhbar qui rapportent la nouvelle.<\/p>\n<p>La r\u00e9union du CSM, pr\u00e9sid\u00e9e par Mohamed Ould Cheikh El Ghazouani, son pr\u00e9sident, aurait donn\u00e9 lieu \u00e0 \u00ab\u00a0des instructions sur la n\u00e9cessit\u00e9 d\u2019\u0153uvrer \u00e0 l\u2019am\u00e9lioration de la performance des structures judiciaires\u00a0\u00bb note une d\u00e9p\u00eache de l\u2019agence mauritanienne d\u2019information, sans autre pr\u00e9cision.<\/p>\n<p>Pour Al Akhbar, le CSM a transf\u00e9r\u00e9 deux juges de leurs fonctions. Il s\u2019agit du pr\u00e9sident du tribunal d\u00e9di\u00e9 aux crimes de corruption, \u00a0Amar Ould Mohamed Lemine, rel\u00e9gu\u00e9 au poste de conseiller \u00e0 la Cour d&#8217;appel de Nouakchott. Il pr\u00e9sidait le tribunal en charge du proc\u00e8s de l&#8217;ancien pr\u00e9sident Mohamed Ould Abdel Aziz ainsi que certains membres de sa famille et ses plus proches collaborateurs pendant ses deux mandats \u00e0 la t\u00eate de l\u2019Etat (2009-2019).<\/p>\n<p>Le second magistrat dont il s\u2019agit du pr\u00e9sident du quatri\u00e8me bureau d&#8217;enqu\u00eate du Tribunal de Nouakchott Ouest, le juge Mohamed Saad Bouh Mohamed Abdoullah Ahmed Ghali. A celui, il serait reproch\u00e9, selon AlAkhbar, l\u2019instruction du dossier du parlementaire Mohamed Bouya Ould Cheikh Mohamed Fadel, arr\u00eat\u00e9 en 2023, pour outrage au pr\u00e9sident de la R\u00e9publique lors de son intervention sur l\u2019affaire \u00abdu blasph\u00e8me \u00e0 l\u2019encontre du Proph\u00e8te Mohamed (PSL)\u00bb.<\/p>\n<p>A noter que ces deux mesures semblent les plus retentissantes sur l\u2019ensemble des d\u00e9cisions du CSM concernant les mutations et transferts de nombre juges en activit\u00e9.<\/p>\n<p>&nbsp;<\/p>\n<p><strong>Les nominations suivantes au niveau des Magistrats des tribunaux et du minist\u00e8re public :<\/strong><\/p>\n<p>&#8211; Cheikh Yah, Procureur de la R\u00e9publique au niveau de Nouakchott Ouest<\/p>\n<p>&#8211; Saadna Tourad, Procureur de la R\u00e9publique \u00a0au niveau de Nouakchott Nord<\/p>\n<p>&#8211; Mohamed Abderrahmane Ould Hmeida, conseiller \u00e0 la Cour supr\u00eame<\/p>\n<p>&#8211; Mohameden Ballah, Pr\u00e9sident de la Cour d&#8217;Appel de Commerce de Nouadhibou<\/p>\n<p>&#8211; Sidi Mohamed Cheina, Pr\u00e9sident du Tribunal sp\u00e9cial charg\u00e9 des crimes d&#8217;esclavage et de traite des \u00eatres humains<\/p>\n<p>&#8211; Bedine Babah, conseiller<\/p>\n<p>&#8211; El Mamy Taleb, conseiller<\/p>\n<p>Juge d&#8217;instruction<\/p>\n<p>&#8211; Procureur de la R\u00e9publique pr\u00e8s du m\u00eame tribunal<\/p>\n<p>Sidi Mohamed Mohamed Maouloud<\/p>\n<p>&#8211; Cour supr\u00eame<\/p>\n<p>&#8211; Conseillers :<\/p>\n<p>Abdallahi Mohamed Ahid<\/p>\n<p>Ould Hmeida<\/p>\n<p>Atta Sidi Yahya<\/p>\n<p>Mohamed Ahmed Salem<\/p>\n<p>Appel au niveau de Nouakchott<\/p>\n<p>Conseillers\u00a0:<\/p>\n<p>&#8211; Oumar Mohamed Lemine, ancien pr\u00e9sident du tribunal charg\u00e9 de la corruption<\/p>\n<p>&#8211; Ahmed El-Bedewi Mohamed Yahya Louh<\/p>\n<p>&#8211; Abdallahi Soueydalla<\/p>\n<p>&#8211; Mokhtar Daha,<\/p>\n<p>&#8211; Cour d&#8217;Appel de Commerce :<\/p>\n<p>El-Houssein Mohamed El-Hassan, conseiller<\/p>\n<p>&#8211; Appel de Nouadhibou :<\/p>\n<p>Ahmed Haroun, pr\u00e9sident de la Chambre criminelle<\/p>\n<p>Idouma Amar, Conseiller<\/p>\n<p>Appel commercial<\/p>\n<p>Pr\u00e9sident Ould Ballah<\/p>\n<p>Imam Saed, conseiller<\/p>\n<p>Mohamed Moustapha, conseiller<\/p>\n<p>&#8211; Appel Aleg<\/p>\n<p>Mohamed Eness, pr\u00e9sident de la Chambre civile et p\u00e9nale<\/p>\n<p>Abdallahi Mohamed Salem, la chambre d&#8217;accusation<\/p>\n<p>Elemine Emine, Conseiller,<\/p>\n<p>&#8211; Tribunal des crimes de corruption, pr\u00e9sident Abdallahi Ndegjelly<\/p>\n<p>Tekber Oudeika, pr\u00e9sidente de la chambre civile du tribunal de Nouakchott Ouest<\/p>\n<p>&#8211; Quatri\u00e8me cabinet Instruction:<\/p>\n<p>&#8211; Cheikhani El Bechir,<\/p>\n<p>Nouakchott Sud<\/p>\n<p>Abdallahi Sidi Ali, pr\u00e9sident de la Chambre p\u00e9nale et des mineurs<\/p>\n<p>&#8211; Ould Limam,\u00a0 juge d&#8217;instruction<\/p>\n<p>Ould Ahmed Maaloum, juge d&#8217;instruction<\/p>\n<p>&#8211; Tribunal Nord de Nouakchott :<\/p>\n<p>Abdallahi El Khalil, pr\u00e9sident de la Chambre p\u00e9nale et des mineurs<\/p>\n<p>&#8211; Hodh Charghi<\/p>\n<p>Eby Sidi Outhmane, pr\u00e9sident de la Cour<\/p>\n<p>Mohamed Abderrahmane El-Hussein, juge d&#8217;instruction<\/p>\n<p>&#8211; Hodh Gharbi :<\/p>\n<p>Moulaye Ahmed Ould Mohameden, pr\u00e9sident de la Cour<\/p>\n<p>&#8211; Assaba<\/p>\n<p>Abdallahi Mohamed, pr\u00e9sident de la Cour<\/p>\n<p>Salem, juge d&#8217;instruction<\/p>\n<p>Tribunal de la wilaya du Trarza<\/p>\n<p>Juge d&#8217;instruction<\/p>\n<p>Tribunal de Nouadhibou<\/p>\n<p>Yacoub Ahmed Salem, conseiller au Tribunal de Commerce<\/p>\n<p>&#8211; Tribunal Tiris Zemmour :<\/p>\n<p>&#8211; Omar Saleck Cheikh Sidi Mohamed, pr\u00e9sident<\/p>\n<p>&#8211; Tribunaux des Moughataas\u00a0:<\/p>\n<p>&#8211; Sebkha\u00a0: \u00a0Khattri Seyed<\/p>\n<p>&#8211; Toujounine\u00a0: Bouna<\/p>\n<p>Tevragh Zeina\u00a0: Naji Larabass<\/p>\n<p>&#8211; Cour supr\u00eame<\/p>\n<p>&#8211; Mohamed Abdallahi Weddadi, Procureur adjoint<\/p>\n<p>&#8211; Ahmed Vall Lezgham, procureur adjoint<\/p>\n<p>Outhman, procureur adjoint<\/p>\n<p>&#8211; Procureur de la R\u00e9publique \u00e0 Nouadhibou :<\/p>\n<p>&#8211; \u2060 Outhmane Yatma<\/p>\n<p>&#8211; Procureur de la R\u00e9publique, Nouakchott Nord<\/p>\n<p>&#8211; Saadna Tourad<\/p>\n<p>Procureur de la R\u00e9publique Assaba<\/p>\n<p>-Sidi Brahim Malick<\/p>\n<p>Le Minist\u00e8re Public pr\u00e8s la Cour d&#8217;Appel de Nouakchott :<\/p>\n<p>&#8211; Mohamed Ahmed Abou Medyine, Procureur adjoint<\/p>\n<p>&#8211; Cheikh Brahim Eddine, Procureur adjoint.<\/p>\n","protected":false},"excerpt":{"rendered":"<p>Les \u00e9chos qui parviennent de la tenue mardi au palais pr\u00e9sidentiel du dernier Conseil Supr\u00eame de la Magistrature (CSM) font \u00e9tat de mesures de mutations de magistrats interpr\u00e9t\u00e9es comme des sanctions \u00e0 leur encontre, r\u00e9v\u00e8lent nos confr\u00e8res de Al Akhbar qui rapportent la nouvelle. La r\u00e9union du CSM, pr\u00e9sid\u00e9e par Mohamed Ould Cheikh El Ghazouani, &hellip;<\/p>\n","protected":false},"author":2,"featured_media":12972,"comment_status":"open","ping_status":"open","sticky":false,"template":"","format":"standard","meta":{"footnotes":""},"categories":[18],"tags":[],"class_list":["post-12996","post","type-post","status-publish","format-standard","has-post-thumbnail","hentry","category-actualites"],"_links":{"self":[{"href":"https:\/\/ladepeche.mr\/index.php?rest_route=\/wp\/v2\/posts\/12996","targetHints":{"allow":["GET"]}}],"collection":[{"href":"https:\/\/ladepeche.mr\/index.php?rest_route=\/wp\/v2\/posts"}],"about":[{"href":"https:\/\/ladepeche.mr\/index.php?rest_route=\/wp\/v2\/types\/post"}],"author":[{"embeddable":true,"href":"https:\/\/ladepeche.mr\/index.php?rest_route=\/wp\/v2\/users\/2"}],"replies":[{"embeddable":true,"href":"https:\/\/ladepeche.mr\/index.php?rest_route=%2Fwp%2Fv2%2Fcomments&post=12996"}],"version-history":[{"count":2,"href":"https:\/\/ladepeche.mr\/index.php?rest_route=\/wp\/v2\/posts\/12996\/revisions"}],"predecessor-version":[{"id":13012,"href":"https:\/\/ladepeche.mr\/index.php?rest_route=\/wp\/v2\/posts\/12996\/revisions\/13012"}],"wp:featuredmedia":[{"embeddable":true,"href":"https:\/\/ladepeche.mr\/index.php?rest_route=\/wp\/v2\/media\/12972"}],"wp:attachment":[{"href":"https:\/\/ladepeche.mr\/index.php?rest_route=%2Fwp%2Fv2%2Fmedia&parent=12996"}],"wp:term":[{"taxonomy":"category","embeddable":true,"href":"https:\/\/ladepeche.mr\/index.php?rest_route=%2Fwp%2Fv2%2Fcategories&post=12996"},{"taxonomy":"post_tag","embeddable":true,"href":"https:\/\/ladepeche.mr\/index.php?rest_route=%2Fwp%2Fv2%2Ftags&post=12996"}],"curies":[{"name":"wp","href":"https:\/\/api.w.org\/{rel}","templated":true}]}}