{"id":13013,"date":"2024-12-25T12:30:38","date_gmt":"2024-12-25T12:30:38","guid":{"rendered":"https:\/\/ladepeche.mr\/?p=13013"},"modified":"2024-12-25T12:28:58","modified_gmt":"2024-12-25T12:28:58","slug":"financement-du-terrorisme-et-blanchiment-de-capitaux-tarir-les-sources","status":"publish","type":"post","link":"https:\/\/ladepeche.mr\/?p=13013","title":{"rendered":"Financement du terrorisme et blanchiment de capitaux\u00a0: Tarir les sources"},"content":{"rendered":"<p>\u00ab\u00a0Familiariser les participants avec les derni\u00e8res m\u00e9thodes utilis\u00e9es dans la lutte contre le financement du terrorisme et le blanchiment d\u2019argent, ainsi que sur leurs dangers sur s\u00e9curit\u00e9 et la stabilit\u00e9 dans le monde en g\u00e9n\u00e9ral et dans la r\u00e9gion du Sahel en particulier\u00a0\u00bb tel est l\u2019objectif d\u2019une session de formation de trois organis\u00e9e par le minist\u00e8re de la d\u00e9fense et la coalition militaire islamique de lutte contre le terrorisme (CMILT) au Sahel.<\/p>\n<p>Une opportunit\u00e9 pour le secr\u00e9taire g\u00e9n\u00e9ral du minist\u00e8re de la D\u00e9fense, des Retrait\u00e9s et des Enfants de Martyrs, le g\u00e9n\u00e9ral de brigade Sa\u00efdou Samba Dia\u00a0pour qui l\u2019organisation de la rencontre \u00e0 Nouakchott est un gage du niveau de coop\u00e9ration et de confiance mutuelle existant entre la Mauritanie et la Coalition militaire islamique de lutte contre le terrorisme au Sahel.<\/p>\n<p>M\u00eame sentiment d\u00e9velopp\u00e9 par Abdellah El-Moudeigher, directeur du d\u00e9partement de la lutte contre le financement du terrorisme indiquant que le choix de la Mauritanie pour abriter les \u00e9v\u00e9nements organis\u00e9s dans le cadre de ce programme s\u2019explique aussi par \u00ab\u00a0l\u2019importance de l\u2019atmosph\u00e8re de s\u00e9curit\u00e9 et de stabilit\u00e9 dont elle jouit et du r\u00f4le de premier plan qu\u2019elle joue au Sahel\u00a0\u00bb.<\/p>\n<p>Plusieurs d\u00e9partements comme ceux de la Justice, de l\u2019\u00c9conomie et des Finances ainsi que des membres de la commission nationale de lutte contre le blanchiment de capitaux et le terrorisme, prennent part \u00e0 cette session de formation.<\/p>\n<p>A noter qu\u2019en d\u00e9but d\u00e9cembre 2024, la Mauritanie a abrit\u00e9 le lancement des activit\u00e9s du programme de la CMILT dans le Sahel.<\/p>\n","protected":false},"excerpt":{"rendered":"<p>\u00ab\u00a0Familiariser les participants avec les derni\u00e8res m\u00e9thodes utilis\u00e9es dans la lutte contre le financement du terrorisme et le blanchiment d\u2019argent, ainsi que sur leurs dangers sur s\u00e9curit\u00e9 et la stabilit\u00e9 dans le monde en g\u00e9n\u00e9ral et dans la r\u00e9gion du Sahel en particulier\u00a0\u00bb tel est l\u2019objectif d\u2019une session de formation de trois organis\u00e9e par le &hellip;<\/p>\n","protected":false},"author":2,"featured_media":13015,"comment_status":"open","ping_status":"open","sticky":false,"template":"","format":"standard","meta":{"footnotes":""},"categories":[18,2,29,28],"tags":[],"class_list":["post-13013","post","type-post","status-publish","format-standard","has-post-thumbnail","hentry","category-actualites","category-economie","category-monde","category-sahel"],"_links":{"self":[{"href":"https:\/\/ladepeche.mr\/index.php?rest_route=\/wp\/v2\/posts\/13013","targetHints":{"allow":["GET"]}}],"collection":[{"href":"https:\/\/ladepeche.mr\/index.php?rest_route=\/wp\/v2\/posts"}],"about":[{"href":"https:\/\/ladepeche.mr\/index.php?rest_route=\/wp\/v2\/types\/post"}],"author":[{"embeddable":true,"href":"https:\/\/ladepeche.mr\/index.php?rest_route=\/wp\/v2\/users\/2"}],"replies":[{"embeddable":true,"href":"https:\/\/ladepeche.mr\/index.php?rest_route=%2Fwp%2Fv2%2Fcomments&post=13013"}],"version-history":[{"count":1,"href":"https:\/\/ladepeche.mr\/index.php?rest_route=\/wp\/v2\/posts\/13013\/revisions"}],"predecessor-version":[{"id":13016,"href":"https:\/\/ladepeche.mr\/index.php?rest_route=\/wp\/v2\/posts\/13013\/revisions\/13016"}],"wp:featuredmedia":[{"embeddable":true,"href":"https:\/\/ladepeche.mr\/index.php?rest_route=\/wp\/v2\/media\/13015"}],"wp:attachment":[{"href":"https:\/\/ladepeche.mr\/index.php?rest_route=%2Fwp%2Fv2%2Fmedia&parent=13013"}],"wp:term":[{"taxonomy":"category","embeddable":true,"href":"https:\/\/ladepeche.mr\/index.php?rest_route=%2Fwp%2Fv2%2Fcategories&post=13013"},{"taxonomy":"post_tag","embeddable":true,"href":"https:\/\/ladepeche.mr\/index.php?rest_route=%2Fwp%2Fv2%2Ftags&post=13013"}],"curies":[{"name":"wp","href":"https:\/\/api.w.org\/{rel}","templated":true}]}}