{"id":13017,"date":"2024-12-25T15:21:21","date_gmt":"2024-12-25T15:21:21","guid":{"rendered":"https:\/\/ladepeche.mr\/?p=13017"},"modified":"2024-12-25T19:51:12","modified_gmt":"2024-12-25T19:51:12","slug":"douanes-le-colonel-khaled-ould-saleck-promu-dg","status":"publish","type":"post","link":"https:\/\/ladepeche.mr\/?p=13017","title":{"rendered":"Douanes\u00a0: Le colonel Khaled Ould Saleck promu DG"},"content":{"rendered":"<p style=\"margin: 0cm; margin-bottom: .0001pt; line-height: 23.25pt; background: white; vertical-align: baseline;\"><span style=\"font-family: 'Alice',serif; color: black;\">A une encablure de la retraite, le colonel Saleck promu DG des douanes\u00a0! Le Colonel Khaled Ould Saleck est donc consacr\u00e9, en fin de carri\u00e8re, directeur g\u00e9n\u00e9ral des douanes alors que beaucoup ne parlaient que de sa retraite certaine. Il \u00e9tait depuis 2023, l\u2019adjoint de Hamdouh Ould Cheikh, atteint par la limite d\u2019\u00e2ge.<\/span><\/p>\n<p style=\"margin: 0cm; margin-bottom: .0001pt; line-height: 23.25pt; background: white; vertical-align: baseline;\"><span style=\"font-family: 'Alice',serif; color: black;\">Ancien patron du bureau des douanes au PAN de Nouakchott, le Colonel Khaled Ould Saleck n\u2019est pas un inconnu. Son aura, son rendement et sa comp\u00e9tence au sein du corps des douanes l\u2019avaient aid\u00e9 \u00e0 gravir rapidement les marches. Des performances qui lui valurent la m\u00e9daille de chevalier de l&#8217;ordre du m\u00e9rite national en f\u00e9vrier 2019.<\/span><\/p>\n<p style=\"margin: 0cm; margin-bottom: .0001pt; line-height: 23.25pt; background: white; vertical-align: baseline;\"><span style=\"font-family: 'Alice',serif; color: black;\">Il h\u00e9rite donc d\u2019un poste crucial pour les recettes de l\u2019Etat \u00e0 un moment o\u00f9 les autorit\u00e9s mettent le cap vers plus de transparence.<\/span><\/p>\n<p style=\"margin: 0cm; margin-bottom: .0001pt; line-height: 23.25pt; background: white; vertical-align: baseline;\"><span style=\"font-family: 'Alice',serif; color: black;\">\u00a0<\/span><\/p>\n","protected":false},"excerpt":{"rendered":"<p>A une encablure de la retraite, le colonel Saleck promu DG des douanes\u00a0! Le Colonel Khaled Ould Saleck est donc consacr\u00e9, en fin de carri\u00e8re, directeur g\u00e9n\u00e9ral des douanes alors que beaucoup ne parlaient que de sa retraite certaine. Il \u00e9tait depuis 2023, l\u2019adjoint de Hamdouh Ould Cheikh, atteint par la limite d\u2019\u00e2ge. Ancien patron &hellip;<\/p>\n","protected":false},"author":2,"featured_media":13018,"comment_status":"open","ping_status":"open","sticky":false,"template":"","format":"standard","meta":{"footnotes":""},"categories":[18,2],"tags":[],"class_list":["post-13017","post","type-post","status-publish","format-standard","has-post-thumbnail","hentry","category-actualites","category-economie"],"_links":{"self":[{"href":"https:\/\/ladepeche.mr\/index.php?rest_route=\/wp\/v2\/posts\/13017","targetHints":{"allow":["GET"]}}],"collection":[{"href":"https:\/\/ladepeche.mr\/index.php?rest_route=\/wp\/v2\/posts"}],"about":[{"href":"https:\/\/ladepeche.mr\/index.php?rest_route=\/wp\/v2\/types\/post"}],"author":[{"embeddable":true,"href":"https:\/\/ladepeche.mr\/index.php?rest_route=\/wp\/v2\/users\/2"}],"replies":[{"embeddable":true,"href":"https:\/\/ladepeche.mr\/index.php?rest_route=%2Fwp%2Fv2%2Fcomments&post=13017"}],"version-history":[{"count":2,"href":"https:\/\/ladepeche.mr\/index.php?rest_route=\/wp\/v2\/posts\/13017\/revisions"}],"predecessor-version":[{"id":13020,"href":"https:\/\/ladepeche.mr\/index.php?rest_route=\/wp\/v2\/posts\/13017\/revisions\/13020"}],"wp:featuredmedia":[{"embeddable":true,"href":"https:\/\/ladepeche.mr\/index.php?rest_route=\/wp\/v2\/media\/13018"}],"wp:attachment":[{"href":"https:\/\/ladepeche.mr\/index.php?rest_route=%2Fwp%2Fv2%2Fmedia&parent=13017"}],"wp:term":[{"taxonomy":"category","embeddable":true,"href":"https:\/\/ladepeche.mr\/index.php?rest_route=%2Fwp%2Fv2%2Fcategories&post=13017"},{"taxonomy":"post_tag","embeddable":true,"href":"https:\/\/ladepeche.mr\/index.php?rest_route=%2Fwp%2Fv2%2Ftags&post=13017"}],"curies":[{"name":"wp","href":"https:\/\/api.w.org\/{rel}","templated":true}]}}