{"id":13029,"date":"2024-12-25T20:44:07","date_gmt":"2024-12-25T20:44:07","guid":{"rendered":"https:\/\/ladepeche.mr\/?p=13029"},"modified":"2024-12-25T20:44:07","modified_gmt":"2024-12-25T20:44:07","slug":"dauschwitz-a-gaza-avec-une-escale-a-la-haye-gideon-levy","status":"publish","type":"post","link":"https:\/\/ladepeche.mr\/?p=13029","title":{"rendered":"\u00ab D\u2019Auschwitz \u00e0 Gaza, avec une escale \u00e0 La Haye \u00bb (Gideon Levy)"},"content":{"rendered":"<p class=\"subheading-product:01 color:text-product margin-top:600  \">Un billet d&#8217;opinion de Gideon Levy, membre du comit\u00e9 \u00e9ditorial de HAARETZ, le journal historique de la gauche isra\u00e9lienne. Ce texte a \u00e9t\u00e9 publi\u00e9 le 23 d\u00e9cembre 2024.<\/p>\n<p>\u00ab\u00a0Benjamin Netanyahou ne se rendra pas en Pologne le mois prochain pour la principale c\u00e9r\u00e9monie marquant le 80e anniversaire de la lib\u00e9ration du camp d&#8217;extermination d&#8217;Auschwitz, par crainte d&#8217;\u00eatre arr\u00eat\u00e9 sur la base du mandat d&#8217;arr\u00eat \u00e9mis contre lui par la Cour p\u00e9nale internationale de La Haye.<\/p>\n<p>Cette ironie am\u00e8re et peu subtile de l\u2019histoire produit une confluence surr\u00e9aliste qui \u00e9tait jusqu\u2019\u00e0 pr\u00e9sent presque inimaginable : il suffit d\u2019imaginer le Premier ministre atterrissant \u00e0 Cracovie, arrivant \u00e0 l\u2019entr\u00e9e principale d\u2019Auschwitz et se faisant arr\u00eater par la police polonaise \u00e0 la porte, sous le slogan &#8220;Arbeit macht frei&#8221; (&#8220;Le travail rend libre&#8221;) ; il suffit de consid\u00e9rer que parmi toutes les personnalit\u00e9s et tous les pays, c\u2019est le Premier ministre d\u2019Isra\u00ebl qui est emp\u00each\u00e9 d\u2019assister \u00e0 la c\u00e9r\u00e9monie comm\u00e9morative pour les membres de son peuple en raison de la menace du droit international qui plane sur sa t\u00eate. Le chancelier allemand, oui ; Netanyahou, non.<\/p>\n<p>Il y a 80 ans, la lib\u00e9ration d\u2019Auschwitz aurait \u00e9t\u00e9 per\u00e7ue comme le d\u00e9nouement le plus fou qu&#8217;on p\u00fbt imaginer. Ce n\u2019est plus le cas aujourd\u2019hui. Il y a 80 ans, les Juifs avaient le choix entre deux h\u00e9ritages : soit eux seuls ne seront plus jamais confront\u00e9s \u00e0 un danger similaire, ou soit personne au monde ne sera plus jamais confront\u00e9 \u00e0 cela. Isra\u00ebl a clairement choisi la premi\u00e8re option, avec un ajout fatal : apr\u00e8s Auschwitz, les Juifs ont le droit de faire ce qu\u2019ils veulent.<\/p>\n<p>Isra\u00ebl a mis en \u0153uvre cette doctrine l\u2019ann\u00e9e derni\u00e8re, comme jamais auparavant. Le Premier ministre qui a esquiv\u00e9 une c\u00e9r\u00e9monie \u00e0 Auschwitz en est peut-\u00eatre l\u2019illustration la plus flagrante. Le fait que de tous les endroits du monde, Auschwitz soit le premier o\u00f9 Netanyahou ait peur de se rendre, est un cri de symbolisme autant que de justice historique.<\/p>\n<p>D\u2019autres chefs d\u2019\u00c9tat seront pr\u00e9sents \u00e0 la c\u00e9r\u00e9monie, mais pas Netanyahou. Il est recherch\u00e9 par le tribunal \u2013 cr\u00e9\u00e9 \u00e0 la suite de ce qui s\u2019est produit \u00e0 Auschwitz \u2013 pour des crimes de guerre qui, \u00e0 une vitesse alarmante, ressemblent de plus en plus aux crimes d\u2019Auschwitz.<\/p>\n<p>La distance entre Auschwitz et Gaza, avec une escale \u00e0 La Haye, est toujours \u00e9norme, mais on ne peut plus affirmer que la comparaison est absurde.<\/p>\n<p>Apr\u00e8s avoir lu le rapport cauchemardesque de Yaniv Kubovich sur ce qui se passe dans le couloir de la mort \u00e0 Netzarim [corridor strat\u00e9gique am\u00e9nag\u00e9 ces derniers mois sur 6 km par les forces d\u2019occupation isra\u00e9liennes, entre le kibboutz Be\u2019eri et la mer : il coupe la bande de Gaza en deux]*, on se rend compte que cette distance se r\u00e9duit de jour en jour.<\/p>\n<p>Il a toujours \u00e9t\u00e9 tabou de comparer quoi que ce soit \u00e0 l\u2019Holocauste, et \u00e0 juste titre. Rien de comparable n\u2019a jamais exist\u00e9. Les pires crimes de l\u2019occupation sont insignifiants en comparaison de ceux d\u2019Auschwitz. De plus, cette comparaison a toujours laiss\u00e9 Isra\u00ebl blanc comme neige et fait passer ses accusateurs pour des antis\u00e9mites : apr\u00e8s tout, il n\u2019y a pas de camps de la mort \u00e0 Gaza, donc toute accusation peut \u00eatre facilement r\u00e9fut\u00e9e. Il n\u2019y a pas de camps de la mort, donc Tsahal est l\u2019arm\u00e9e la plus morale du monde. Il n\u2019y aura jamais de camps de la mort \u00e0 Gaza, et pourtant les comparaisons commencent \u00e0 crier par-dessous les d\u00e9combres et depuis l\u2019int\u00e9rieur des fosses communes.<\/p>\n<p>Lorsque les Palestiniens de Gaza apprennent que l\u00e0 o\u00f9 r\u00f4dent des meutes de chiens errants gisent des cadavres humains d\u00e9vor\u00e9s par ces animaux, les souvenirs de l\u2019Holocauste commencent \u00e0 refaire surface.<\/p>\n<p>Quand, dans la bande de Gaza occup\u00e9e, il existe une ligne de mort imaginaire, et que quiconque la franchit est condamn\u00e9 \u00e0 mort, m\u00eame un enfant affam\u00e9 ou handicap\u00e9, le souvenir de l\u2019Holocauste commence \u00e0 chuchoter.<\/p>\n<p>Et lorsque le nettoyage ethnique est men\u00e9 dans le Nord de Gaza, suivi de signes \u00e9vidents de g\u00e9nocide dans toute la bande c\u00f4ti\u00e8re, le souvenir de l\u2019Holocauste gronde d\u00e9j\u00e0.<\/p>\n<p>Le 7 octobre 2023 appara\u00eet de plus en plus comme un tournant fatidique pour Isra\u00ebl, bien plus qu\u2019il ne le semble actuellement, \u00e0 l\u2019image de sa pr\u00e9c\u00e9dente calamit\u00e9, la guerre de 1967, qui n\u2019avait pas non plus \u00e9t\u00e9 diagnostiqu\u00e9e \u00e0 temps. Dans la guerre des Six Jours, Isra\u00ebl a perdu son humilit\u00e9 et, le 7 octobre, il a perdu son humanit\u00e9. Dans les deux cas, les dommages sont irr\u00e9versibles.<\/p>\n<p>En attendant, nous devons consid\u00e9rer cet \u00e9v\u00e9nement historique et en saisir la signification : une c\u00e9r\u00e9monie comm\u00e9morant le 80e anniversaire de la lib\u00e9ration d\u2019Auschwitz, les dirigeants mondiaux d\u00e9filent en silence, les derniers survivants marchent \u00e0 leurs c\u00f4t\u00e9s, et le si\u00e8ge du Premier ministre de l\u2019\u00c9tat qui s\u2019est relev\u00e9 des cendres de l\u2019Holocauste est vacant.<\/p>\n<p>Il est vacant parce que son \u00c9tat est devenu un paria, et parce que cet homme est recherch\u00e9 par le plus respect\u00e9 des tribunaux charg\u00e9s de juger les criminels de guerre. (&#8230;) \u00bb<\/p>\n<p>(<a href=\"https:\/\/www.haaretz.com\/opinion\/2024-12-23\/ty-article-opinion\/.premium\/from-auschwitz-to-gaza-with-a-stopover-in-the-hague\/00000193-ea88-d17a-a193-fbe9f59b0000\">https:\/\/www.haaretz.com\/opinion\/2024-12-23\/ty-article-opinion\/.premium\/from-auschwitz-to-gaza-with-a-stopover-in-the-hague\/00000193-ea88-d17a-a193-fbe9f59b0000<\/a>)<\/p>\n","protected":false},"excerpt":{"rendered":"<p>Un billet d&#8217;opinion de Gideon Levy, membre du comit\u00e9 \u00e9ditorial de HAARETZ, le journal historique de la gauche isra\u00e9lienne. Ce texte a \u00e9t\u00e9 publi\u00e9 le 23 d\u00e9cembre 2024. \u00ab\u00a0Benjamin Netanyahou ne se rendra pas en Pologne le mois prochain pour la principale c\u00e9r\u00e9monie marquant le 80e anniversaire de la lib\u00e9ration du camp d&#8217;extermination d&#8217;Auschwitz, par &hellip;<\/p>\n","protected":false},"author":2,"featured_media":13030,"comment_status":"open","ping_status":"open","sticky":false,"template":"","format":"standard","meta":{"footnotes":""},"categories":[18,29],"tags":[],"class_list":["post-13029","post","type-post","status-publish","format-standard","has-post-thumbnail","hentry","category-actualites","category-monde"],"_links":{"self":[{"href":"https:\/\/ladepeche.mr\/index.php?rest_route=\/wp\/v2\/posts\/13029","targetHints":{"allow":["GET"]}}],"collection":[{"href":"https:\/\/ladepeche.mr\/index.php?rest_route=\/wp\/v2\/posts"}],"about":[{"href":"https:\/\/ladepeche.mr\/index.php?rest_route=\/wp\/v2\/types\/post"}],"author":[{"embeddable":true,"href":"https:\/\/ladepeche.mr\/index.php?rest_route=\/wp\/v2\/users\/2"}],"replies":[{"embeddable":true,"href":"https:\/\/ladepeche.mr\/index.php?rest_route=%2Fwp%2Fv2%2Fcomments&post=13029"}],"version-history":[{"count":1,"href":"https:\/\/ladepeche.mr\/index.php?rest_route=\/wp\/v2\/posts\/13029\/revisions"}],"predecessor-version":[{"id":13031,"href":"https:\/\/ladepeche.mr\/index.php?rest_route=\/wp\/v2\/posts\/13029\/revisions\/13031"}],"wp:featuredmedia":[{"embeddable":true,"href":"https:\/\/ladepeche.mr\/index.php?rest_route=\/wp\/v2\/media\/13030"}],"wp:attachment":[{"href":"https:\/\/ladepeche.mr\/index.php?rest_route=%2Fwp%2Fv2%2Fmedia&parent=13029"}],"wp:term":[{"taxonomy":"category","embeddable":true,"href":"https:\/\/ladepeche.mr\/index.php?rest_route=%2Fwp%2Fv2%2Fcategories&post=13029"},{"taxonomy":"post_tag","embeddable":true,"href":"https:\/\/ladepeche.mr\/index.php?rest_route=%2Fwp%2Fv2%2Ftags&post=13029"}],"curies":[{"name":"wp","href":"https:\/\/api.w.org\/{rel}","templated":true}]}}