{"id":13047,"date":"2024-12-26T18:34:09","date_gmt":"2024-12-26T18:34:09","guid":{"rendered":"https:\/\/ladepeche.mr\/?p=13047"},"modified":"2024-12-26T18:34:34","modified_gmt":"2024-12-26T18:34:34","slug":"communique-le-president-de-lua-sentretient-avec-son-homologue-de-langola-sur-le-processus-de-luanda-pour-la-stabilite-dans-lest-de-la-republique-democratique-du-co","status":"publish","type":"post","link":"https:\/\/ladepeche.mr\/?p=13047","title":{"rendered":"COMMUNIQU\u00c9: Le Pr\u00e9sident de l\u2019UA s\u2019entretient avec son homologue de l\u2019Angola, sur le processus de Luanda pour la stabilit\u00e9 dans l\u2019Est de la R\u00e9publique d\u00e9mocratique du Congo."},"content":{"rendered":"<p>Le Pr\u00e9sident de la R\u00e9publique Islamique de Mauritanie et pr\u00e9sident en exercice de l\u2019Union africaine, M. Mohamed Ould Cheikh El Ghazouani, s\u2019est entretenu au t\u00e9l\u00e9phone avec son homologue de la R\u00e9publique d\u2019Angola, M. Jo\u00e3o Louren\u00e7o, qui assure la fonction de premier vice-pr\u00e9sident du bureau de l\u2019Assembl\u00e9e de l\u2019Union africaine.<br \/>\nL\u2019entretien a port\u00e9 sur les concertations r\u00e9guli\u00e8res visant \u00e0 renforcer la coordination entre les dirigeants de l\u2019Union africaine, conform\u00e9ment \u00e0 leurs r\u00f4les respectifs au sein de l\u2019organisation.<br \/>\nSEM. Le Pr\u00e9sident Mohamed Ould Cheikh El Ghazouani a tenu \u00e0 \u00e9changer avec son homologue angolais sur les priorit\u00e9s actuelles de l\u2019Union africaine, notamment les efforts en cours pour promouvoir la paix et la s\u00e9curit\u00e9 sur le continent.<\/p>\n<p>A ce sujet, le Pr\u00e9sident Jo\u00e3o Louren\u00e7o, a inform\u00e9 SEM. Ould Ghazouani, Pr\u00e9sident de l\u2019Union Africaine, des avanc\u00e9es du processus de Luanda, une initiative cruciale visant \u00e0 ramener la stabilit\u00e9 dans l\u2019Est de la R\u00e9publique d\u00e9mocratique du Congo.<\/p>\n<p>Cet \u00e9change refl\u00e8te la d\u00e9termination des deux dirigeants \u00e0 conjuguer leurs efforts pour relever les d\u00e9fis majeurs auxquels l\u2019Afrique est confront\u00e9e et, \u00e0 promouvoir une coop\u00e9ration renforc\u00e9e au sein de l\u2019Union africaine.<\/p>\n<p>Bureau de Communication de la Pr\u00e9sidence de la R\u00e9publique<\/p>\n","protected":false},"excerpt":{"rendered":"<p>Le Pr\u00e9sident de la R\u00e9publique Islamique de Mauritanie et pr\u00e9sident en exercice de l\u2019Union africaine, M. Mohamed Ould Cheikh El Ghazouani, s\u2019est entretenu au t\u00e9l\u00e9phone avec son homologue de la R\u00e9publique d\u2019Angola, M. Jo\u00e3o Louren\u00e7o, qui assure la fonction de premier vice-pr\u00e9sident du bureau de l\u2019Assembl\u00e9e de l\u2019Union africaine. L\u2019entretien a port\u00e9 sur les concertations &hellip;<\/p>\n","protected":false},"author":2,"featured_media":13048,"comment_status":"open","ping_status":"open","sticky":false,"template":"","format":"standard","meta":{"footnotes":""},"categories":[18,29],"tags":[],"class_list":["post-13047","post","type-post","status-publish","format-standard","has-post-thumbnail","hentry","category-actualites","category-monde"],"_links":{"self":[{"href":"https:\/\/ladepeche.mr\/index.php?rest_route=\/wp\/v2\/posts\/13047","targetHints":{"allow":["GET"]}}],"collection":[{"href":"https:\/\/ladepeche.mr\/index.php?rest_route=\/wp\/v2\/posts"}],"about":[{"href":"https:\/\/ladepeche.mr\/index.php?rest_route=\/wp\/v2\/types\/post"}],"author":[{"embeddable":true,"href":"https:\/\/ladepeche.mr\/index.php?rest_route=\/wp\/v2\/users\/2"}],"replies":[{"embeddable":true,"href":"https:\/\/ladepeche.mr\/index.php?rest_route=%2Fwp%2Fv2%2Fcomments&post=13047"}],"version-history":[{"count":2,"href":"https:\/\/ladepeche.mr\/index.php?rest_route=\/wp\/v2\/posts\/13047\/revisions"}],"predecessor-version":[{"id":13050,"href":"https:\/\/ladepeche.mr\/index.php?rest_route=\/wp\/v2\/posts\/13047\/revisions\/13050"}],"wp:featuredmedia":[{"embeddable":true,"href":"https:\/\/ladepeche.mr\/index.php?rest_route=\/wp\/v2\/media\/13048"}],"wp:attachment":[{"href":"https:\/\/ladepeche.mr\/index.php?rest_route=%2Fwp%2Fv2%2Fmedia&parent=13047"}],"wp:term":[{"taxonomy":"category","embeddable":true,"href":"https:\/\/ladepeche.mr\/index.php?rest_route=%2Fwp%2Fv2%2Fcategories&post=13047"},{"taxonomy":"post_tag","embeddable":true,"href":"https:\/\/ladepeche.mr\/index.php?rest_route=%2Fwp%2Fv2%2Ftags&post=13047"}],"curies":[{"name":"wp","href":"https:\/\/api.w.org\/{rel}","templated":true}]}}