{"id":1305,"date":"2022-07-29T10:02:16","date_gmt":"2022-07-29T10:02:16","guid":{"rendered":"https:\/\/ladepeche.mr\/?p=1305"},"modified":"2022-07-29T10:02:16","modified_gmt":"2022-07-29T10:02:16","slug":"mohamed-lemine-moustapha-ex-dg-des-mines-limogeage-manu-militari","status":"publish","type":"post","link":"https:\/\/ladepeche.mr\/?p=1305","title":{"rendered":"Mohamed Lemine Moustapha, ex-dg des mines, limogeage manu militari"},"content":{"rendered":"<p>Mohamed Lemine Moustapha, ex-directeur g\u00e9n\u00e9ral des mines. Il connait une chute libre avec le dernier conseil des ministres. Sans \u00eatre officiellement relev\u00e9, l\u2019ancien DG des mines est tout de m\u00eame cong\u00e9di\u00e9 et n\u2019a pas b\u00e9n\u00e9fici\u00e9 d\u2019une affectation. Il est remplac\u00e9 l\u2019ex DG de l\u2019ANARPAM Mohamed Yaya Ahmed Zerough.<\/p>\n","protected":false},"excerpt":{"rendered":"<p>Mohamed Lemine Moustapha, ex-directeur g\u00e9n\u00e9ral des mines. Il connait une chute libre avec le dernier conseil des ministres. Sans \u00eatre officiellement relev\u00e9, l\u2019ancien DG des mines est tout de m\u00eame cong\u00e9di\u00e9 et n\u2019a pas b\u00e9n\u00e9fici\u00e9 d\u2019une affectation. Il est remplac\u00e9 l\u2019ex DG de l\u2019ANARPAM Mohamed Yaya Ahmed Zerough.<\/p>\n","protected":false},"author":2,"featured_media":1306,"comment_status":"open","ping_status":"open","sticky":false,"template":"","format":"standard","meta":{"footnotes":""},"categories":[26],"tags":[],"class_list":["post-1305","post","type-post","status-publish","format-standard","has-post-thumbnail","hentry","category-en-panne"],"_links":{"self":[{"href":"https:\/\/ladepeche.mr\/index.php?rest_route=\/wp\/v2\/posts\/1305","targetHints":{"allow":["GET"]}}],"collection":[{"href":"https:\/\/ladepeche.mr\/index.php?rest_route=\/wp\/v2\/posts"}],"about":[{"href":"https:\/\/ladepeche.mr\/index.php?rest_route=\/wp\/v2\/types\/post"}],"author":[{"embeddable":true,"href":"https:\/\/ladepeche.mr\/index.php?rest_route=\/wp\/v2\/users\/2"}],"replies":[{"embeddable":true,"href":"https:\/\/ladepeche.mr\/index.php?rest_route=%2Fwp%2Fv2%2Fcomments&post=1305"}],"version-history":[{"count":1,"href":"https:\/\/ladepeche.mr\/index.php?rest_route=\/wp\/v2\/posts\/1305\/revisions"}],"predecessor-version":[{"id":1307,"href":"https:\/\/ladepeche.mr\/index.php?rest_route=\/wp\/v2\/posts\/1305\/revisions\/1307"}],"wp:featuredmedia":[{"embeddable":true,"href":"https:\/\/ladepeche.mr\/index.php?rest_route=\/wp\/v2\/media\/1306"}],"wp:attachment":[{"href":"https:\/\/ladepeche.mr\/index.php?rest_route=%2Fwp%2Fv2%2Fmedia&parent=1305"}],"wp:term":[{"taxonomy":"category","embeddable":true,"href":"https:\/\/ladepeche.mr\/index.php?rest_route=%2Fwp%2Fv2%2Fcategories&post=1305"},{"taxonomy":"post_tag","embeddable":true,"href":"https:\/\/ladepeche.mr\/index.php?rest_route=%2Fwp%2Fv2%2Ftags&post=1305"}],"curies":[{"name":"wp","href":"https:\/\/api.w.org\/{rel}","templated":true}]}}