{"id":13059,"date":"2024-12-27T09:35:20","date_gmt":"2024-12-27T09:35:20","guid":{"rendered":"https:\/\/ladepeche.mr\/?p=13059"},"modified":"2024-12-27T09:35:20","modified_gmt":"2024-12-27T09:35:20","slug":"nomination-de-generaux-en-remplacement-de-hauts-grades-en-position-de-depart-a-la-retraite","status":"publish","type":"post","link":"https:\/\/ladepeche.mr\/?p=13059","title":{"rendered":"Nomination de G\u00e9n\u00e9raux en remplacement de hauts Grad\u00e9s en position de d\u00e9part \u00e0 la retraite"},"content":{"rendered":"<p>La Pr\u00e9sidence de la R\u00e9publique a annonc\u00e9 le jeudi 26 d\u00e9cembre courant dans la soir\u00e9e, une s\u00e9rie de d\u00e9crets portant nomination de hauts grad\u00e9s militaires \u00e0 des fonctions de haut commandement au sein de la Grande muette, devenues vacantes apr\u00e8s le d\u00e9part de leur locataire \u00e0 la retraite.<\/p>\n<p>Ces nominations ont concern\u00e9 l\u2019Etat-major g\u00e9n\u00e9ral de l&#8217;arm\u00e9e, l&#8217;\u00e9tat-major particulier, le Bureau des renseignements ext\u00e9rieurs et l&#8217;Inspecteur G\u00e9n\u00e9ral des Forces Arm\u00e9es.<\/p>\n<p>Les nominations se pr\u00e9sentent comme suit :<\/p>\n<p>Chef d\u2019Etat-major g\u00e9n\u00e9ral des arm\u00e9es : le G\u00e9n\u00e9ral de division Mohamed Vall Ra\u00efss,<\/p>\n<p>Chef d\u2019Etat-major particulier du Pr\u00e9sident de la R\u00e9publique : le G\u00e9n\u00e9ral de division Brahim Vall Cheibany,<\/p>\n<p>Chef d\u2019Etat-major de la Gendarmerie nationale : le G\u00e9n\u00e9ral de division Ahmed Mahmoud Abdallahi Taya,<\/p>\n<p>Inspecteur g\u00e9n\u00e9ral des forces arm\u00e9es et des forces de s\u00e9curit\u00e9 : le G\u00e9n\u00e9ral de division Ebbe Babti El Hadj Ahmed,<\/p>\n<p>Directeur G\u00e9n\u00e9ral de la s\u00e9curit\u00e9 ext\u00e9rieure et de la documentation : le G\u00e9n\u00e9ral de division Saidou Samba Dia,<\/p>\n<p>Chef d\u2019Etat-major du coll\u00e8ge G5 Sahel : le Colonel Mohamed Lemine Mohamed Blal,<\/p>\n<p>Chef d\u2019Etat-major g\u00e9n\u00e9ral adjoint des arm\u00e9es : G\u00e9n\u00e9ral de division Mohamed Mokhtar Cheikh Mini<\/p>\n<p>rimnow<\/p>\n","protected":false},"excerpt":{"rendered":"<p>La Pr\u00e9sidence de la R\u00e9publique a annonc\u00e9 le jeudi 26 d\u00e9cembre courant dans la soir\u00e9e, une s\u00e9rie de d\u00e9crets portant nomination de hauts grad\u00e9s militaires \u00e0 des fonctions de haut commandement au sein de la Grande muette, devenues vacantes apr\u00e8s le d\u00e9part de leur locataire \u00e0 la retraite. Ces nominations ont concern\u00e9 l\u2019Etat-major g\u00e9n\u00e9ral de &hellip;<\/p>\n","protected":false},"author":2,"featured_media":13060,"comment_status":"open","ping_status":"open","sticky":false,"template":"","format":"standard","meta":{"footnotes":""},"categories":[18],"tags":[],"class_list":["post-13059","post","type-post","status-publish","format-standard","has-post-thumbnail","hentry","category-actualites"],"_links":{"self":[{"href":"https:\/\/ladepeche.mr\/index.php?rest_route=\/wp\/v2\/posts\/13059","targetHints":{"allow":["GET"]}}],"collection":[{"href":"https:\/\/ladepeche.mr\/index.php?rest_route=\/wp\/v2\/posts"}],"about":[{"href":"https:\/\/ladepeche.mr\/index.php?rest_route=\/wp\/v2\/types\/post"}],"author":[{"embeddable":true,"href":"https:\/\/ladepeche.mr\/index.php?rest_route=\/wp\/v2\/users\/2"}],"replies":[{"embeddable":true,"href":"https:\/\/ladepeche.mr\/index.php?rest_route=%2Fwp%2Fv2%2Fcomments&post=13059"}],"version-history":[{"count":1,"href":"https:\/\/ladepeche.mr\/index.php?rest_route=\/wp\/v2\/posts\/13059\/revisions"}],"predecessor-version":[{"id":13061,"href":"https:\/\/ladepeche.mr\/index.php?rest_route=\/wp\/v2\/posts\/13059\/revisions\/13061"}],"wp:featuredmedia":[{"embeddable":true,"href":"https:\/\/ladepeche.mr\/index.php?rest_route=\/wp\/v2\/media\/13060"}],"wp:attachment":[{"href":"https:\/\/ladepeche.mr\/index.php?rest_route=%2Fwp%2Fv2%2Fmedia&parent=13059"}],"wp:term":[{"taxonomy":"category","embeddable":true,"href":"https:\/\/ladepeche.mr\/index.php?rest_route=%2Fwp%2Fv2%2Fcategories&post=13059"},{"taxonomy":"post_tag","embeddable":true,"href":"https:\/\/ladepeche.mr\/index.php?rest_route=%2Fwp%2Fv2%2Ftags&post=13059"}],"curies":[{"name":"wp","href":"https:\/\/api.w.org\/{rel}","templated":true}]}}