{"id":13065,"date":"2024-12-27T10:30:03","date_gmt":"2024-12-27T10:30:03","guid":{"rendered":"https:\/\/ladepeche.mr\/?p=13065"},"modified":"2024-12-27T10:00:50","modified_gmt":"2024-12-27T10:00:50","slug":"une-frappe-israelienne-tue-cinq-journalistes-palestiniens-a-gaza","status":"publish","type":"post","link":"https:\/\/ladepeche.mr\/?p=13065","title":{"rendered":"Une frappe isra\u00e9lienne tue cinq journalistes palestiniens \u00e0 Gaza"},"content":{"rendered":"<p>Une frappe isra\u00e9lienne a tu\u00e9 cinq journalistes palestiniens devant un h\u00f4pital de la bande de Gaza au cours de la nuit, a annonc\u00e9 t\u00f4t jeudi le minist\u00e8re de la Sant\u00e9. L\u2019arm\u00e9e isra\u00e9lienne a d\u00e9clar\u00e9 avoir cibl\u00e9 un groupe de militants.<\/p>\n<p>La frappe a touch\u00e9 une voiture devant l\u2019h\u00f4pital Al-Awda dans le camp de r\u00e9fugi\u00e9s de Nuseirat, dans la partie centrale du territoire. Les journalistes travaillaient pour le r\u00e9seau local Quds News Network.<\/p>\n<p>L\u2019arm\u00e9e a dit avoir cibl\u00e9 un groupe de combattants du Jihad islamique, un groupe militant alli\u00e9 au Hamas, dont l\u2019attaque du 7\u00a0octobre 2023 dans le sud d\u2019Isra\u00ebl a d\u00e9clench\u00e9 la guerre. Des images de l\u2019Associated Press ont montr\u00e9 la carcasse incin\u00e9r\u00e9e d\u2019une camionnette, avec des inscriptions de presse encore visibles sur les portes arri\u00e8re.<\/p>\n<p>Plusieurs jeunes hommes ont assist\u00e9 aux fun\u00e9railles devant l\u2019h\u00f4pital, beaucoup d\u2019entre eux sanglotant. Les corps \u00e9taient tous envelopp\u00e9s dans des linceuls blancs, avec des gilets de presse bleus drap\u00e9s dessus.<\/p>\n<p>Le Comit\u00e9 pour la protection des journalistes affirme que plus de 130 reporters palestiniens ont \u00e9t\u00e9 tu\u00e9s depuis le d\u00e9but de la guerre. Isra\u00ebl n\u2019a pas autoris\u00e9 les journalistes \u00e9trangers \u00e0 entrer dans la bande de Gaza, sauf dans le cadre d\u2019une int\u00e9gration militaire.<\/p>\n<p>Isra\u00ebl a interdit la cha\u00eene panarabe Al Jazeera et accus\u00e9 six de ses reporters de Gaza d\u2019\u00eatre des militants. La cha\u00eene bas\u00e9e au Qatar nie ces all\u00e9gations et accuse Isra\u00ebl de tenter de faire taire sa couverture de la guerre, qui s\u2019est largement concentr\u00e9e sur les victimes civiles des op\u00e9rations militaires isra\u00e9liennes&#8230;.https:\/\/www.ledevoir.com\/monde\/moyen-orient\/827443\/frappe-israelienne-tue-cinq-journalistes-palestiniens-gaza<\/p>\n","protected":false},"excerpt":{"rendered":"<p>Une frappe isra\u00e9lienne a tu\u00e9 cinq journalistes palestiniens devant un h\u00f4pital de la bande de Gaza au cours de la nuit, a annonc\u00e9 t\u00f4t jeudi le minist\u00e8re de la Sant\u00e9. L\u2019arm\u00e9e isra\u00e9lienne a d\u00e9clar\u00e9 avoir cibl\u00e9 un groupe de militants. La frappe a touch\u00e9 une voiture devant l\u2019h\u00f4pital Al-Awda dans le camp de r\u00e9fugi\u00e9s de &hellip;<\/p>\n","protected":false},"author":2,"featured_media":13066,"comment_status":"open","ping_status":"open","sticky":false,"template":"","format":"standard","meta":{"footnotes":""},"categories":[18,29],"tags":[],"class_list":["post-13065","post","type-post","status-publish","format-standard","has-post-thumbnail","hentry","category-actualites","category-monde"],"_links":{"self":[{"href":"https:\/\/ladepeche.mr\/index.php?rest_route=\/wp\/v2\/posts\/13065","targetHints":{"allow":["GET"]}}],"collection":[{"href":"https:\/\/ladepeche.mr\/index.php?rest_route=\/wp\/v2\/posts"}],"about":[{"href":"https:\/\/ladepeche.mr\/index.php?rest_route=\/wp\/v2\/types\/post"}],"author":[{"embeddable":true,"href":"https:\/\/ladepeche.mr\/index.php?rest_route=\/wp\/v2\/users\/2"}],"replies":[{"embeddable":true,"href":"https:\/\/ladepeche.mr\/index.php?rest_route=%2Fwp%2Fv2%2Fcomments&post=13065"}],"version-history":[{"count":1,"href":"https:\/\/ladepeche.mr\/index.php?rest_route=\/wp\/v2\/posts\/13065\/revisions"}],"predecessor-version":[{"id":13067,"href":"https:\/\/ladepeche.mr\/index.php?rest_route=\/wp\/v2\/posts\/13065\/revisions\/13067"}],"wp:featuredmedia":[{"embeddable":true,"href":"https:\/\/ladepeche.mr\/index.php?rest_route=\/wp\/v2\/media\/13066"}],"wp:attachment":[{"href":"https:\/\/ladepeche.mr\/index.php?rest_route=%2Fwp%2Fv2%2Fmedia&parent=13065"}],"wp:term":[{"taxonomy":"category","embeddable":true,"href":"https:\/\/ladepeche.mr\/index.php?rest_route=%2Fwp%2Fv2%2Fcategories&post=13065"},{"taxonomy":"post_tag","embeddable":true,"href":"https:\/\/ladepeche.mr\/index.php?rest_route=%2Fwp%2Fv2%2Ftags&post=13065"}],"curies":[{"name":"wp","href":"https:\/\/api.w.org\/{rel}","templated":true}]}}