{"id":13097,"date":"2024-12-28T11:05:48","date_gmt":"2024-12-28T11:05:48","guid":{"rendered":"https:\/\/ladepeche.mr\/?p=13097"},"modified":"2024-12-28T11:06:36","modified_gmt":"2024-12-28T11:06:36","slug":"flux-de-refugies-et-de-leur-troupeaux-au-hodh-charghi-les-communautes-agropastorales-ne-savent-plus-ou-donner-de-la-tete","status":"publish","type":"post","link":"https:\/\/ladepeche.mr\/?p=13097","title":{"rendered":"Flux de r\u00e9fugi\u00e9s et de leur b\u00e9tail au Hodh Charghi: Les communaut\u00e9s agropastorales ne savent plus o\u00f9 donner de la t\u00eate ?"},"content":{"rendered":"<p>Outre le flux non stop des r\u00e9fugi\u00e9s fuyant l\u2019instabilit\u00e9 au Mali dont le nombre a presque doubl\u00e9 en 2024, avec plus de 40% de nouveaux r\u00e9fugi\u00e9s, comparativement \u00e0 2023, l\u2019arriv\u00e9e en masse de troupeaux leur appartenant fragilise aussi la situation des communaut\u00e9s agropastorales d\u2019accueil dans le Hodh Charghi, en Mauritanie.<\/p>\n<p>Ces derni\u00e8res se trouvent donc confront\u00e9es, malgr\u00e9 la hausse du prix du b\u00e9tail, aux lancinantes questions de gestion et de pression pour le partage des ressources pastorales nonobstant les inondations v\u00e9cues en hivernage. A cela, il faut aussi ajouter des \u00ab\u00a0suspicions de maladies\u00bb.<\/p>\n<p>Les soup\u00e7ons d\u2019une disponibilit\u00e9 suffisante des ressources pastorales et de l\u2019embonpoint du cheptel rappellent aussi les effets d\u00e9vastateurs de quelques feux de brousse signal\u00e9s dans la r\u00e9gion. Comme le flux des personnes, la poursuite d\u2019une transhumance incontr\u00f4l\u00e9e du cheptel repose des questions existentielles pour tous.<\/p>\n<p>\u00ab\u00a0L\u2019ins\u00e9curit\u00e9 continue d\u2019impacter les communaut\u00e9s pastorales et agropastorales, et des d\u00e9parts forc\u00e9s sont toujours enregistr\u00e9s notamment sur le Sahel Central et vers la Mauritanie ou la C\u00f4te d\u2019Ivoire\u00a0\u00bb note le bulletin de la surveillance pastorale au Sahel se fondant sur les \u00a0donn\u00e9es de terrain collect\u00e9es par r\u00e9seau de sentinelles de surveillance pastorale.<\/p>\n","protected":false},"excerpt":{"rendered":"<p>Outre le flux non stop des r\u00e9fugi\u00e9s fuyant l\u2019instabilit\u00e9 au Mali dont le nombre a presque doubl\u00e9 en 2024, avec plus de 40% de nouveaux r\u00e9fugi\u00e9s, comparativement \u00e0 2023, l\u2019arriv\u00e9e en masse de troupeaux leur appartenant fragilise aussi la situation des communaut\u00e9s agropastorales d\u2019accueil dans le Hodh Charghi, en Mauritanie. Ces derni\u00e8res se trouvent donc &hellip;<\/p>\n","protected":false},"author":2,"featured_media":13098,"comment_status":"open","ping_status":"open","sticky":false,"template":"","format":"standard","meta":{"footnotes":""},"categories":[18,2,21,28],"tags":[],"class_list":["post-13097","post","type-post","status-publish","format-standard","has-post-thumbnail","hentry","category-actualites","category-economie","category-fluctuations","category-sahel"],"_links":{"self":[{"href":"https:\/\/ladepeche.mr\/index.php?rest_route=\/wp\/v2\/posts\/13097","targetHints":{"allow":["GET"]}}],"collection":[{"href":"https:\/\/ladepeche.mr\/index.php?rest_route=\/wp\/v2\/posts"}],"about":[{"href":"https:\/\/ladepeche.mr\/index.php?rest_route=\/wp\/v2\/types\/post"}],"author":[{"embeddable":true,"href":"https:\/\/ladepeche.mr\/index.php?rest_route=\/wp\/v2\/users\/2"}],"replies":[{"embeddable":true,"href":"https:\/\/ladepeche.mr\/index.php?rest_route=%2Fwp%2Fv2%2Fcomments&post=13097"}],"version-history":[{"count":2,"href":"https:\/\/ladepeche.mr\/index.php?rest_route=\/wp\/v2\/posts\/13097\/revisions"}],"predecessor-version":[{"id":13100,"href":"https:\/\/ladepeche.mr\/index.php?rest_route=\/wp\/v2\/posts\/13097\/revisions\/13100"}],"wp:featuredmedia":[{"embeddable":true,"href":"https:\/\/ladepeche.mr\/index.php?rest_route=\/wp\/v2\/media\/13098"}],"wp:attachment":[{"href":"https:\/\/ladepeche.mr\/index.php?rest_route=%2Fwp%2Fv2%2Fmedia&parent=13097"}],"wp:term":[{"taxonomy":"category","embeddable":true,"href":"https:\/\/ladepeche.mr\/index.php?rest_route=%2Fwp%2Fv2%2Fcategories&post=13097"},{"taxonomy":"post_tag","embeddable":true,"href":"https:\/\/ladepeche.mr\/index.php?rest_route=%2Fwp%2Fv2%2Ftags&post=13097"}],"curies":[{"name":"wp","href":"https:\/\/api.w.org\/{rel}","templated":true}]}}