{"id":13106,"date":"2024-12-29T10:28:00","date_gmt":"2024-12-29T10:28:00","guid":{"rendered":"https:\/\/ladepeche.mr\/?p=13106"},"modified":"2024-12-29T10:28:00","modified_gmt":"2024-12-29T10:28:00","slug":"snim-le-record-de-production-de-14-millions-de-tonnes-battu-pour-la-seconde-annee-consecutive","status":"publish","type":"post","link":"https:\/\/ladepeche.mr\/?p=13106","title":{"rendered":"Snim\u00a0: Le record de production de 14 millions de tonnes battu pour la seconde ann\u00e9e cons\u00e9cutive"},"content":{"rendered":"<p>Pour la seconde ann\u00e9e cons\u00e9cutive, c\u2019est avec une tr\u00e8s bonne nouvelle que la soci\u00e9t\u00e9 nationale industrielle et mini\u00e8re (Snim Sem) boucle l\u2019ann\u00e9e avec une production record, de plus de 14.000 000 de tonnes de minerai de fer.<\/p>\n<p>L\u2019approche commerciale de diversification de ses clients a donc port\u00e9 ses fruits. Gr\u00e2ce \u00e0 son programme Strat\u00e9gique d\u2019Entreprise (PSE), ambitieux, la Snim est parvenue \u00e0 renforcer sa comp\u00e9titivit\u00e9 et \u00e0 \u00e9largir ses d\u00e9bouch\u00e9s, avec une vision proactive prenant en compte les al\u00e9as de diverses natures pouvant affecter le march\u00e9 international du minerai de fer. Elle peut donc envisager avec encore plus de s\u00e9r\u00e9nit\u00e9, l\u2019ann\u00e9e 2025 en comptant sur ses propres efforts de production, une dynamique et une synergie d\u2019actions \u00e0 tous les niveaux de l\u2019administration de gestion et de la chaine de production.<\/p>\n<p>La maitrise de l\u2019outil et sa modernisation ont permis \u00e0 l\u2019entreprise, au fil de l\u2019ann\u00e9e \u00e9coul\u00e9e, de s\u2019\u00e9panouir pour d\u00e9couvrir d\u2019autres horizons de client\u00e8le notamment dans la zone du Moyen-Orient, avec notamment l\u2019exportation, courant septembre 2024, d\u2019une cargaison de plus de 150 mille tonnes de fer \u00e0 destination de l\u2019Egypte.\u00a0 Il y a deux ans \u00e9galement, la Snim se positionnait \u00a0sur le march\u00e9 alg\u00e9rien.<\/p>\n<p>L\u2019embellie se poursuit donc inlassablement pour la Snim qui devrait profiter de ses divers atouts pour son PSE..<\/p>\n<p>JD<\/p>\n","protected":false},"excerpt":{"rendered":"<p>Pour la seconde ann\u00e9e cons\u00e9cutive, c\u2019est avec une tr\u00e8s bonne nouvelle que la soci\u00e9t\u00e9 nationale industrielle et mini\u00e8re (Snim Sem) boucle l\u2019ann\u00e9e avec une production record, de plus de 14.000 000 de tonnes de minerai de fer. L\u2019approche commerciale de diversification de ses clients a donc port\u00e9 ses fruits. Gr\u00e2ce \u00e0 son programme Strat\u00e9gique d\u2019Entreprise &hellip;<\/p>\n","protected":false},"author":2,"featured_media":13107,"comment_status":"open","ping_status":"open","sticky":false,"template":"","format":"standard","meta":{"footnotes":""},"categories":[18,2],"tags":[],"class_list":["post-13106","post","type-post","status-publish","format-standard","has-post-thumbnail","hentry","category-actualites","category-economie"],"_links":{"self":[{"href":"https:\/\/ladepeche.mr\/index.php?rest_route=\/wp\/v2\/posts\/13106","targetHints":{"allow":["GET"]}}],"collection":[{"href":"https:\/\/ladepeche.mr\/index.php?rest_route=\/wp\/v2\/posts"}],"about":[{"href":"https:\/\/ladepeche.mr\/index.php?rest_route=\/wp\/v2\/types\/post"}],"author":[{"embeddable":true,"href":"https:\/\/ladepeche.mr\/index.php?rest_route=\/wp\/v2\/users\/2"}],"replies":[{"embeddable":true,"href":"https:\/\/ladepeche.mr\/index.php?rest_route=%2Fwp%2Fv2%2Fcomments&post=13106"}],"version-history":[{"count":1,"href":"https:\/\/ladepeche.mr\/index.php?rest_route=\/wp\/v2\/posts\/13106\/revisions"}],"predecessor-version":[{"id":13108,"href":"https:\/\/ladepeche.mr\/index.php?rest_route=\/wp\/v2\/posts\/13106\/revisions\/13108"}],"wp:featuredmedia":[{"embeddable":true,"href":"https:\/\/ladepeche.mr\/index.php?rest_route=\/wp\/v2\/media\/13107"}],"wp:attachment":[{"href":"https:\/\/ladepeche.mr\/index.php?rest_route=%2Fwp%2Fv2%2Fmedia&parent=13106"}],"wp:term":[{"taxonomy":"category","embeddable":true,"href":"https:\/\/ladepeche.mr\/index.php?rest_route=%2Fwp%2Fv2%2Fcategories&post=13106"},{"taxonomy":"post_tag","embeddable":true,"href":"https:\/\/ladepeche.mr\/index.php?rest_route=%2Fwp%2Fv2%2Ftags&post=13106"}],"curies":[{"name":"wp","href":"https:\/\/api.w.org\/{rel}","templated":true}]}}