{"id":13109,"date":"2024-12-29T11:20:44","date_gmt":"2024-12-29T11:20:44","guid":{"rendered":"https:\/\/ladepeche.mr\/?p=13109"},"modified":"2024-12-29T11:33:35","modified_gmt":"2024-12-29T11:33:35","slug":"foncier-operation-coup-de-poing-contre-la-gazra-a-nouakchott","status":"publish","type":"post","link":"https:\/\/ladepeche.mr\/?p=13109","title":{"rendered":"Foncier : Op\u00e9ration coup de poing contre la gazra \u00e0 Nouakchott!"},"content":{"rendered":"<p>Le minist\u00e8re des Domaines, du Patrimoine de l\u2019Etat et de la R\u00e9forme Fonci\u00e8re a annonc\u00e9 une op\u00e9ration coup de poing contre le syst\u00e8me des gazra qui alimente une sp\u00e9culation fonci\u00e8re dans la capitale depuis quelques d\u00e9cennies d\u00e9j\u00e0.<\/p>\n<p>Dans un communiqu\u00e9, rendu public ce samedi 28 d\u00e9cembre 2024, et suite \u00e0 des op\u00e9rations de d\u00e9guerpissements de l\u2019occupation ill\u00e9gale de l\u2019espace public, patrimoine de l\u2019Etat, le d\u00e9partement en charge de ce domaine annonce que toutes les mesures n\u00e9cessaires ont \u00e9t\u00e9 prises pour pr\u00e9server le patrimoine de l&#8217;\u00c9tat, foncier notamment.<\/p>\n<p>Pour un bapt\u00eame de feu, c\u2019en est v\u00e9ritablement un pour un minist\u00e8re qui \u00e9tait \u00ab trop rang\u00e9&#8221;. Mais la mission est sc\u00e9l\u00e9rate car le d\u00e9guerpissement des squatters est souvent source de pol\u00e9miques o\u00f9 les premiers responsables constituent des fusibles en cas de gros probl\u00e8mes. Les nouvelles autorit\u00e9s s\u2019attaquent pourtant\u00a0 \u00e0 un probl\u00e8me crucial source d\u2019un n\u00e9goce illicite et de trafic inoui \u00e0 travers des r\u00e9seaux de falsification des documents immobiliers. Elles promettent donc s\u00e9vir contre ces r\u00e9seaux \u00e9tablis o\u00f9 les fonctionnaires des domaines sont souvent sollicit\u00e9s.<br \/>\nLe ministre en exercice ne semble pourtant pas se pr\u00e9occuper outre mesure du retour de la manivelle. Sur le terrain, les services habilet\u00e9s \u00e0 d\u00e9gager les zones usurp\u00e9es \u00e0 Nouakchott sont \u00e0 pied d\u2019\u0153uvre et depuis les premi\u00e8res vid\u00e9os sur les r\u00e9seaux sociaux, la pol\u00e9mique enfle. Les trafiquants et les squatters m\u00e8nent campagne pour \u00e9viter que l&#8217;Etat ne s&#8217;immisce dans sa mission r\u00e9galienne. Les b\u00e9n\u00e9ficiaires du d\u00e9sordre comptent sur le tintamarre pour convaincre l&#8217;Etat de maintenir le statu quo ant\u00e9.<\/p>\n<p>L\u2019administration soutient que des avertissements ont \u00e9t\u00e9 signifi\u00e9s aux propri\u00e9taires des b\u00e2timents construits dans des quartiers dont \u00ab I5 \u00bb \u00e0 Tayerett. Des solutions sont m\u00eames pr\u00e9vues pour r\u00e9gulariser les lots sans permis, \u00e0 la condition d\u2019un investissement sur le terrain. Mais s(agissant du domaine public maritime, l\u2019Etat se veut intraitable et toute usurpation de la zone maritime s&#8217;\u00e9tendant sur 100 m\u00e8tres au-del\u00e0 de la berge ne sera aucunement tol\u00e9r\u00e9e. S\u2019agissant de la zone H Suite, une \u00e9tude technique serait lanc\u00e9e et les mesures d&#8217;am\u00e9nagement devraient \u00eatre rendues publiques ult\u00e9rieurement.<\/p>\n<p>Ce n&#8217;est donc l\u00e0 que le d\u00e9but de la campagne d&#8217;assainissement de l&#8217;espace public. Combien de temps tiendra-t-elle? C&#8217;est la seule solution idoine aujourd&#8217;hui face au d\u00e9tournement de l&#8217;espace public. Certains accusent les grands pontes au sein de l&#8217;Etat de d\u00e9courager cette issue. Si l&#8217;Etat fait marche-arri\u00e8re, il ne pourra plus engager des r\u00e9formes sur ce dossier br\u00fblant. Alors wait and see!<\/p>\n<p>JD<\/p>\n","protected":false},"excerpt":{"rendered":"<p>Le minist\u00e8re des Domaines, du Patrimoine de l\u2019Etat et de la R\u00e9forme Fonci\u00e8re a annonc\u00e9 une op\u00e9ration coup de poing contre le syst\u00e8me des gazra qui alimente une sp\u00e9culation fonci\u00e8re dans la capitale depuis quelques d\u00e9cennies d\u00e9j\u00e0. Dans un communiqu\u00e9, rendu public ce samedi 28 d\u00e9cembre 2024, et suite \u00e0 des op\u00e9rations de d\u00e9guerpissements de &hellip;<\/p>\n","protected":false},"author":2,"featured_media":13110,"comment_status":"open","ping_status":"open","sticky":false,"template":"","format":"standard","meta":{"footnotes":""},"categories":[18,2],"tags":[],"class_list":["post-13109","post","type-post","status-publish","format-standard","has-post-thumbnail","hentry","category-actualites","category-economie"],"_links":{"self":[{"href":"https:\/\/ladepeche.mr\/index.php?rest_route=\/wp\/v2\/posts\/13109","targetHints":{"allow":["GET"]}}],"collection":[{"href":"https:\/\/ladepeche.mr\/index.php?rest_route=\/wp\/v2\/posts"}],"about":[{"href":"https:\/\/ladepeche.mr\/index.php?rest_route=\/wp\/v2\/types\/post"}],"author":[{"embeddable":true,"href":"https:\/\/ladepeche.mr\/index.php?rest_route=\/wp\/v2\/users\/2"}],"replies":[{"embeddable":true,"href":"https:\/\/ladepeche.mr\/index.php?rest_route=%2Fwp%2Fv2%2Fcomments&post=13109"}],"version-history":[{"count":8,"href":"https:\/\/ladepeche.mr\/index.php?rest_route=\/wp\/v2\/posts\/13109\/revisions"}],"predecessor-version":[{"id":13118,"href":"https:\/\/ladepeche.mr\/index.php?rest_route=\/wp\/v2\/posts\/13109\/revisions\/13118"}],"wp:featuredmedia":[{"embeddable":true,"href":"https:\/\/ladepeche.mr\/index.php?rest_route=\/wp\/v2\/media\/13110"}],"wp:attachment":[{"href":"https:\/\/ladepeche.mr\/index.php?rest_route=%2Fwp%2Fv2%2Fmedia&parent=13109"}],"wp:term":[{"taxonomy":"category","embeddable":true,"href":"https:\/\/ladepeche.mr\/index.php?rest_route=%2Fwp%2Fv2%2Fcategories&post=13109"},{"taxonomy":"post_tag","embeddable":true,"href":"https:\/\/ladepeche.mr\/index.php?rest_route=%2Fwp%2Fv2%2Ftags&post=13109"}],"curies":[{"name":"wp","href":"https:\/\/api.w.org\/{rel}","templated":true}]}}