{"id":13123,"date":"2024-12-29T17:00:53","date_gmt":"2024-12-29T17:00:53","guid":{"rendered":"https:\/\/ladepeche.mr\/?p=13123"},"modified":"2024-12-29T16:43:39","modified_gmt":"2024-12-29T16:43:39","slug":"senegal-ousmane-sonko-devoile-son-programme-de-politique-generale","status":"publish","type":"post","link":"https:\/\/ladepeche.mr\/?p=13123","title":{"rendered":"S\u00e9n\u00e9gal : Ousmane Sonko d\u00e9voile son programme de politique g\u00e9n\u00e9rale"},"content":{"rendered":"<p>Visas, \u00e9ducation, r\u00e9forme fiscale, \u00e9migration\u2026 Dans son discours devant les d\u00e9put\u00e9s, le Premier ministre s\u00e9n\u00e9galais a d\u00e9clin\u00e9 son plan de rupture pour les cinq prochaines ann\u00e9es.<\/p>\n<p>Annon\u00e7ant notamment qu\u2019il entendait mettre fin au principe de non-r\u00e9ciprocit\u00e9 dans la d\u00e9livrance des visas, le Premier ministre\u00a0s\u00e9n\u00e9galais\u00a0a pr\u00e9sent\u00e9, vendredi 27 d\u00e9cembre, dans son discours devant les d\u00e9put\u00e9s, son plan de politique g\u00e9n\u00e9rale pour les cinq prochaines ann\u00e9es.\u00a0Ousmane Sonko\u00a0a par ailleurs d\u00e9clar\u00e9 qu\u2019il d\u00e9poserait un projet pour\u00a0abroger la loi d\u2019amnistie de l\u2019ex-pr\u00e9sident\u00a0couvrant les violences politiques qui avaient fait des dizaines de morts entre 2021 et 2024. Si elle est vot\u00e9e, cette abrogation pourrait ouvrir la porte \u00e0 des poursuites contre les dirigeants de l\u2019ancien r\u00e9gime, dont\u00a0Macky Sall.<br \/>\n\u00ab\u00a0Principe de r\u00e9ciprocit\u00e9\u00a0\u00bb<\/p>\n<p>Pour la d\u00e9livrance de\u00a0visas, \u00ab\u00a0nous engagerons des discussions avec les pays relevant des cat\u00e9gories B et C\u00a0\u00bb parmi lesquels la plupart des pays europ\u00e9ens dont la France, ainsi que les \u00c9tats-Unis, \u00ab\u00a0afin d\u2019exiger en retour, le visa gratuit pour les ressortissants s\u00e9n\u00e9galais sur la base du principe de la r\u00e9ciprocit\u00e9\u00a0\u00bb. Le visa d\u2019entr\u00e9e au S\u00e9n\u00e9gal, instaur\u00e9 en juillet 2013 pour les voyageurs de tous les pays \u00e0 l\u2019exception de ceux d\u2019Afrique de l\u2019Ouest ou ayant des accords les en dispensant, avait \u00e9t\u00e9 supprim\u00e9 en 2015 pour relancer le secteur du tourisme et all\u00e9ger les frais de voyages des S\u00e9n\u00e9galais de la diaspora.<\/p>\n<p>Le S\u00e9n\u00e9gal est rest\u00e9 selon lui \u00ab enferm\u00e9 dans le mod\u00e8le \u00e9conomique colonial \u00bb. Le Premier ministre a indiqu\u00e9 qu\u2019il m\u00e8nerait une r\u00e9forme fiscale, en \u00ab \u00e9largissant l\u2019assiette, tout en abaissant graduellement les taux d\u2019imposition moyen \u00bb. L\u2019objectif est de \u00ab faire payer moins \u00e0 tous les S\u00e9n\u00e9galais, mais faire payer \u00e0 tous les S\u00e9n\u00e9galais \u00bb pour \u00ab parvenir \u00e0 une fiscalit\u00e9 efficace et \u00e9quitable \u00bb. Ousmane Sonko a aussi affirm\u00e9 que le S\u00e9n\u00e9gal allait \u00ab se retirer de toutes les conventions bilat\u00e9rales impliquant un paradis fiscal \u00bb.<\/p>\n<p>Subventions \u00e0 l\u2019\u00e9nergie<\/p>\n<p>Il a par ailleurs annonc\u00e9 une \u00ab\u00a0rationalisation des subventions \u00e0 l\u2019\u00e9nergie pour qu\u2019elles b\u00e9n\u00e9ficient essentiellement aux m\u00e9nages pauvres\u00a0\u00bb, ce qui passe par \u00ab\u00a0un ciblage\u00a0\u00bb des b\u00e9n\u00e9ficiaires. Malgr\u00e9 une situation \u00e9conomique qu\u2019il avait lui-m\u00eame d\u00e9crite comme \u00ab\u00a0catastrophique\u00a0\u00bb, avec un d\u00e9ficit budg\u00e9taire atteignant 10,4% du PIB et une dette publique repr\u00e9sentant 76,3% du PIB, Ousmane Sonko \u00ab\u00a0a l\u2019ambition de hisser le S\u00e9n\u00e9gal parmi les \u00e9conomies les plus comp\u00e9titives d\u2019Afrique\u00a0\u00bb. Il compte notamment s\u2019appuyer sur les\u00a0ressources gazi\u00e8res\u00a0\u2013 dont le d\u00e9but d\u2019exploitation sera finalement pr\u00e9vu en 2025, apr\u00e8s avoir \u00e9t\u00e9 longtemps attendu en 2024 \u2013, mais aussi sur la densification du tissu industriel.<\/p>\n<p>Sur le plan militaire, le Premier ministre a mis l\u2019accent sur l\u2019annonce faite par le pr\u00e9sident Faye de\u00a0fermer les bases militaires de l\u2019arm\u00e9e fran\u00e7aise, recueillant les applaudissements de l\u2019Assembl\u00e9e. Concernant l\u2019\u00e9migration clandestine, \u00e0 l\u2019origine de drames presque hebdomadaires sur la route qui m\u00e8ne aux \u00eeles Canaries \u2013 porte d\u2019entr\u00e9e de l\u2019Europe \u2013, Ousmane Sonko a promis \u00ab\u00a0le renforcement des dispositifs de lutte contre l\u2019immigration\u00a0irr\u00e9guli\u00e8re en multipliant les contr\u00f4les et en renfor\u00e7ant les sanctions\u00a0\u00bb mais aussi \u00ab\u00a0un soutien aux initiatives de retour volontaire\u00a0\u00bb.<\/p>\n<p>Enfin, il a promis la promotion du \u00ab\u00a0multilinguisme\u00a0\u00bb, via \u00ab\u00a0la g\u00e9n\u00e9ralisation de l\u2019enseignement de l\u2019anglais \u00e0 l'[\u00e9cole] \u00e9l\u00e9mentaire et l\u2019utilisation des langues nationales dans le syst\u00e8me d\u2019\u00e9ducation et de formation\u00a0\u00bb, dans ce pays o\u00f9 l\u2019enseignement public est dispens\u00e9 en fran\u00e7ais.<\/p>\n<p>Ce discours de politique g\u00e9n\u00e9rale, tr\u00e8s attendu, avait \u00e9t\u00e9 report\u00e9 \u00e0 plusieurs reprises. Le bouillant Premier ministre avait refus\u00e9, en juin, de se pr\u00e9senter devant un Parlement domin\u00e9 \u00e0 l\u2019\u00e9poque par un camp qui lui \u00e9tait hostile. Un nouveau report a eu lieu mi-septembre apr\u00e8s la dissolution du Parlement par le pr\u00e9sident Faye. Les \u00e9lections l\u00e9gislatives du 17 novembre ont \u00e9t\u00e9 largement remport\u00e9es par Faye et Sonko, leur donnant une majorit\u00e9 confortable pour mettre en place leur programme.<\/p>\n<p>S\u00e9n\u00e9gal : Ousmane Sonko d\u00e9voile son programme de politique g\u00e9n\u00e9rale<\/p>\n","protected":false},"excerpt":{"rendered":"<p>Visas, \u00e9ducation, r\u00e9forme fiscale, \u00e9migration\u2026 Dans son discours devant les d\u00e9put\u00e9s, le Premier ministre s\u00e9n\u00e9galais a d\u00e9clin\u00e9 son plan de rupture pour les cinq prochaines ann\u00e9es. Annon\u00e7ant notamment qu\u2019il entendait mettre fin au principe de non-r\u00e9ciprocit\u00e9 dans la d\u00e9livrance des visas, le Premier ministre\u00a0s\u00e9n\u00e9galais\u00a0a pr\u00e9sent\u00e9, vendredi 27 d\u00e9cembre, dans son discours devant les d\u00e9put\u00e9s, son &hellip;<\/p>\n","protected":false},"author":2,"featured_media":13124,"comment_status":"open","ping_status":"open","sticky":false,"template":"","format":"standard","meta":{"footnotes":""},"categories":[18,29],"tags":[],"class_list":["post-13123","post","type-post","status-publish","format-standard","has-post-thumbnail","hentry","category-actualites","category-monde"],"_links":{"self":[{"href":"https:\/\/ladepeche.mr\/index.php?rest_route=\/wp\/v2\/posts\/13123","targetHints":{"allow":["GET"]}}],"collection":[{"href":"https:\/\/ladepeche.mr\/index.php?rest_route=\/wp\/v2\/posts"}],"about":[{"href":"https:\/\/ladepeche.mr\/index.php?rest_route=\/wp\/v2\/types\/post"}],"author":[{"embeddable":true,"href":"https:\/\/ladepeche.mr\/index.php?rest_route=\/wp\/v2\/users\/2"}],"replies":[{"embeddable":true,"href":"https:\/\/ladepeche.mr\/index.php?rest_route=%2Fwp%2Fv2%2Fcomments&post=13123"}],"version-history":[{"count":3,"href":"https:\/\/ladepeche.mr\/index.php?rest_route=\/wp\/v2\/posts\/13123\/revisions"}],"predecessor-version":[{"id":13127,"href":"https:\/\/ladepeche.mr\/index.php?rest_route=\/wp\/v2\/posts\/13123\/revisions\/13127"}],"wp:featuredmedia":[{"embeddable":true,"href":"https:\/\/ladepeche.mr\/index.php?rest_route=\/wp\/v2\/media\/13124"}],"wp:attachment":[{"href":"https:\/\/ladepeche.mr\/index.php?rest_route=%2Fwp%2Fv2%2Fmedia&parent=13123"}],"wp:term":[{"taxonomy":"category","embeddable":true,"href":"https:\/\/ladepeche.mr\/index.php?rest_route=%2Fwp%2Fv2%2Fcategories&post=13123"},{"taxonomy":"post_tag","embeddable":true,"href":"https:\/\/ladepeche.mr\/index.php?rest_route=%2Fwp%2Fv2%2Ftags&post=13123"}],"curies":[{"name":"wp","href":"https:\/\/api.w.org\/{rel}","templated":true}]}}