{"id":13128,"date":"2024-12-29T19:22:22","date_gmt":"2024-12-29T19:22:22","guid":{"rendered":"https:\/\/ladepeche.mr\/?p=13128"},"modified":"2024-12-29T19:22:38","modified_gmt":"2024-12-29T19:22:38","slug":"la-mauritanie-elimine-le-mali-et-se-qualifie-au-chan-2025","status":"publish","type":"post","link":"https:\/\/ladepeche.mr\/?p=13128","title":{"rendered":"La Mauritanie \u00e9limine le Mali et se qualifie pour le CHAN 2025"},"content":{"rendered":"<p>Ce dimanche 29 d\u00e9cembre 2024, la Mauritanie a arrach\u00e9 le nul face au Mali (0-0) dans le cadre des \u00e9liminatoires du Championnat d\u2019Afrique des nations (CHAN 2025).<\/p>\n<p>Un r\u00e9sultat synonyme de qualification. Au match aller, la Mauritanie s\u2019\u00e9tait impos\u00e9 \u00e0 domicile (1-0). Ce sera la quatri\u00e8me participation de la Mauritanie au Championnat d\u2019Afrique des Nations (CHAN).<\/p>\n<p>Absente \u00e0 la CAN 2025 qui aura lieu au Maroc, la Mauritanie se rach\u00e8te avec une qualification assur\u00e9e pour le Championnat d\u2019Afrique des Nations (CHAN 2025), pr\u00e9vu du 1er au 28 f\u00e9vrier au Kenya, en Tanzanie et en Ouganda.<\/p>\n<p>PAR CRIDEM SPORTS<\/p>\n","protected":false},"excerpt":{"rendered":"<p>Ce dimanche 29 d\u00e9cembre 2024, la Mauritanie a arrach\u00e9 le nul face au Mali (0-0) dans le cadre des \u00e9liminatoires du Championnat d\u2019Afrique des nations (CHAN 2025). Un r\u00e9sultat synonyme de qualification. Au match aller, la Mauritanie s\u2019\u00e9tait impos\u00e9 \u00e0 domicile (1-0). Ce sera la quatri\u00e8me participation de la Mauritanie au Championnat d\u2019Afrique des Nations &hellip;<\/p>\n","protected":false},"author":2,"featured_media":12946,"comment_status":"open","ping_status":"open","sticky":false,"template":"","format":"standard","meta":{"footnotes":""},"categories":[18,17],"tags":[],"class_list":["post-13128","post","type-post","status-publish","format-standard","has-post-thumbnail","hentry","category-actualites","category-sports"],"_links":{"self":[{"href":"https:\/\/ladepeche.mr\/index.php?rest_route=\/wp\/v2\/posts\/13128","targetHints":{"allow":["GET"]}}],"collection":[{"href":"https:\/\/ladepeche.mr\/index.php?rest_route=\/wp\/v2\/posts"}],"about":[{"href":"https:\/\/ladepeche.mr\/index.php?rest_route=\/wp\/v2\/types\/post"}],"author":[{"embeddable":true,"href":"https:\/\/ladepeche.mr\/index.php?rest_route=\/wp\/v2\/users\/2"}],"replies":[{"embeddable":true,"href":"https:\/\/ladepeche.mr\/index.php?rest_route=%2Fwp%2Fv2%2Fcomments&post=13128"}],"version-history":[{"count":2,"href":"https:\/\/ladepeche.mr\/index.php?rest_route=\/wp\/v2\/posts\/13128\/revisions"}],"predecessor-version":[{"id":13130,"href":"https:\/\/ladepeche.mr\/index.php?rest_route=\/wp\/v2\/posts\/13128\/revisions\/13130"}],"wp:featuredmedia":[{"embeddable":true,"href":"https:\/\/ladepeche.mr\/index.php?rest_route=\/wp\/v2\/media\/12946"}],"wp:attachment":[{"href":"https:\/\/ladepeche.mr\/index.php?rest_route=%2Fwp%2Fv2%2Fmedia&parent=13128"}],"wp:term":[{"taxonomy":"category","embeddable":true,"href":"https:\/\/ladepeche.mr\/index.php?rest_route=%2Fwp%2Fv2%2Fcategories&post=13128"},{"taxonomy":"post_tag","embeddable":true,"href":"https:\/\/ladepeche.mr\/index.php?rest_route=%2Fwp%2Fv2%2Ftags&post=13128"}],"curies":[{"name":"wp","href":"https:\/\/api.w.org\/{rel}","templated":true}]}}