{"id":13131,"date":"2024-12-30T11:30:31","date_gmt":"2024-12-30T11:30:31","guid":{"rendered":"https:\/\/ladepeche.mr\/?p=13131"},"modified":"2024-12-30T11:30:31","modified_gmt":"2024-12-30T11:30:31","slug":"mort-de-jimmy-carter-des-dirigeants-du-monde-entier-saluent-lheritage-de-lancien-president-americain","status":"publish","type":"post","link":"https:\/\/ladepeche.mr\/?p=13131","title":{"rendered":"Mort de Jimmy Carter : des dirigeants du monde entier saluent l&#8217;h\u00e9ritage de l&#8217;ancien pr\u00e9sident am\u00e9ricain"},"content":{"rendered":"<p>L&#8217;ex-pr\u00e9sident am\u00e9ricain et prix Nobel de la paix\u00a0<a href=\"https:\/\/www.francetvinfo.fr\/monde\/usa\/l-ancien-president-americain-jimmy-carter-est-mort-a-l-age-de-100-ans_4969044.html\">Jimmy Carter est mort<\/a>, dimanche 29 d\u00e9cembre, \u00e0 l&#8217;\u00e2ge de 100 ans. Le pr\u00e9sident des Etats-Unis, Joe Biden, a d\u00e9cr\u00e9t\u00e9 une journ\u00e9e de deuil national le 9 janvier en l&#8217;honneur du d\u00e9mocrate, salu\u00e9 par de nombreux dirigeants \u00e9trangers pour son engagement en faveur de la paix et des droits humains bien au-del\u00e0 de son unique mandat (1977-1981).<\/p>\n<p>Tous les pr\u00e9sidents am\u00e9ricains encore en vie et qui lui ont succ\u00e9d\u00e9 se sont empress\u00e9s de s&#8217;incliner devant la longue existence hors du commun de celui que rien ne destinait \u00e0 \u00eatre pr\u00e9sident et qui \u00e9tait l&#8217;ancien locataire de la Maison Blanche le plus \u00e2g\u00e9. Le pr\u00e9sident sortant Joe Biden, 82 ans, a annonc\u00e9 la tenue de fun\u00e9railles nationales dans la capitale f\u00e9d\u00e9rale Washington, sans en pr\u00e9ciser la date.<\/p>\n<p>Le milliardaire r\u00e9publicain Donald Trump, qui fera son retour \u00e0 la Maison Blanche le 20 janvier, a fait part de son<em>\u00a0&#8220;plus grand respect&#8221;\u00a0<\/em>pour Jimmy Carter qui<em>\u00a0&#8220;a travaill\u00e9 dur pour que l&#8217;Am\u00e9rique soit meilleure&#8221;.\u00a0<\/em>Il fut\u00a0<em>&#8220;un homme remarquable&#8221;<\/em>, selon le d\u00e9mocrate Barack Obama, et\u00a0<em>&#8220;a \u0153uvr\u00e9 sans rel\u00e2che pour un monde meilleur et plus juste&#8221;<\/em>, a rench\u00e9ri Bill Clinton. Ce qu&#8217;il a accompli\u00a0<em>&#8220;inspirera des g\u00e9n\u00e9rations d&#8217;Am\u00e9ricains&#8221;<\/em>, a salu\u00e9 le r\u00e9publicain George W. Bush.<\/p>\n<h2 class=\"subheader\">Un homme &#8220;engag\u00e9&#8221;<\/h2>\n<p>De nombreux dirigeants \u00e9trangers ont \u00e9galement pris la parole. Jimmy Carter\u00a0<em>&#8220;a d\u00e9fendu les droits des personnes les plus vuln\u00e9rables et men\u00e9 sans rel\u00e2che le combat pour la paix&#8221;<\/em>, a soulign\u00e9 le pr\u00e9sident fran\u00e7ais\u00a0Emmanuel Macron\u00a0sur X.\u00a0Le roi britannique Charles III a d\u00e9clar\u00e9 avoir appris\u00a0<em>&#8220;avec grande tristesse&#8221;<\/em>\u00a0le d\u00e9c\u00e8s de Jimmy Carter, un homme\u00a0<em>&#8220;engag\u00e9&#8221;\u00a0<\/em>qui<em>\u00a0&#8220;a consacr\u00e9 sa vie \u00e0 la promotion de la paix et des droits de l&#8217;homme&#8221;<\/em>, dont il se souvient<em>\u00a0&#8220;avec beaucoup d&#8217;affection&#8221;<\/em>\u00a0de la visite au Royaume-Uni en 1977.<\/p>\n<div class=\"pic-embed-container\">Lire la suite sur&#8230;https:\/\/www.francetvinfo.fr\/monde\/usa\/mort-de-jimmy-carter-des-dirigeants-du-monde-entier-saluent-l-heritage-de-l-ancien-president-americain_6984713.html<\/div>\n","protected":false},"excerpt":{"rendered":"<p>L&#8217;ex-pr\u00e9sident am\u00e9ricain et prix Nobel de la paix\u00a0Jimmy Carter est mort, dimanche 29 d\u00e9cembre, \u00e0 l&#8217;\u00e2ge de 100 ans. Le pr\u00e9sident des Etats-Unis, Joe Biden, a d\u00e9cr\u00e9t\u00e9 une journ\u00e9e de deuil national le 9 janvier en l&#8217;honneur du d\u00e9mocrate, salu\u00e9 par de nombreux dirigeants \u00e9trangers pour son engagement en faveur de la paix et des &hellip;<\/p>\n","protected":false},"author":2,"featured_media":13132,"comment_status":"open","ping_status":"open","sticky":false,"template":"","format":"standard","meta":{"footnotes":""},"categories":[18,29],"tags":[],"class_list":["post-13131","post","type-post","status-publish","format-standard","has-post-thumbnail","hentry","category-actualites","category-monde"],"_links":{"self":[{"href":"https:\/\/ladepeche.mr\/index.php?rest_route=\/wp\/v2\/posts\/13131","targetHints":{"allow":["GET"]}}],"collection":[{"href":"https:\/\/ladepeche.mr\/index.php?rest_route=\/wp\/v2\/posts"}],"about":[{"href":"https:\/\/ladepeche.mr\/index.php?rest_route=\/wp\/v2\/types\/post"}],"author":[{"embeddable":true,"href":"https:\/\/ladepeche.mr\/index.php?rest_route=\/wp\/v2\/users\/2"}],"replies":[{"embeddable":true,"href":"https:\/\/ladepeche.mr\/index.php?rest_route=%2Fwp%2Fv2%2Fcomments&post=13131"}],"version-history":[{"count":1,"href":"https:\/\/ladepeche.mr\/index.php?rest_route=\/wp\/v2\/posts\/13131\/revisions"}],"predecessor-version":[{"id":13133,"href":"https:\/\/ladepeche.mr\/index.php?rest_route=\/wp\/v2\/posts\/13131\/revisions\/13133"}],"wp:featuredmedia":[{"embeddable":true,"href":"https:\/\/ladepeche.mr\/index.php?rest_route=\/wp\/v2\/media\/13132"}],"wp:attachment":[{"href":"https:\/\/ladepeche.mr\/index.php?rest_route=%2Fwp%2Fv2%2Fmedia&parent=13131"}],"wp:term":[{"taxonomy":"category","embeddable":true,"href":"https:\/\/ladepeche.mr\/index.php?rest_route=%2Fwp%2Fv2%2Fcategories&post=13131"},{"taxonomy":"post_tag","embeddable":true,"href":"https:\/\/ladepeche.mr\/index.php?rest_route=%2Fwp%2Fv2%2Ftags&post=13131"}],"curies":[{"name":"wp","href":"https:\/\/api.w.org\/{rel}","templated":true}]}}