{"id":13134,"date":"2024-12-30T13:30:37","date_gmt":"2024-12-30T13:30:37","guid":{"rendered":"https:\/\/ladepeche.mr\/?p=13134"},"modified":"2024-12-30T13:31:38","modified_gmt":"2024-12-30T13:31:38","slug":"justice-une-equipe-medicale-mandatee-pour-examen-de-letat-de-sante-de-lancien-president","status":"publish","type":"post","link":"https:\/\/ladepeche.mr\/?p=13134","title":{"rendered":"Justice\u00a0: Une \u00e9quipe m\u00e9dicale mandat\u00e9e pour examen de l\u2019Etat de sant\u00e9 de l\u2019ancien pr\u00e9sident"},"content":{"rendered":"<p>La Cour d&#8217;appel de Nouakchott a d\u00e9cid\u00e9 de mandater une \u00e9quipe m\u00e9dicale pour examiner l&#8217;\u00e9tat de sant\u00e9 de l&#8217;ancien pr\u00e9sident Mohamed Ould Abdel Aziz, tient-on de bonne source.<\/p>\n<p>La d\u00e9fense de l\u2019ancien pr\u00e9sident qui comparait, en appel, depuis la mi-novembre devant la justice mauritanienne avait boycott\u00e9, la semaine derni\u00e8re, les audiences du proc\u00e8s de l\u2019ancien pr\u00e9sident exigeant la prise en compte de son \u00e9tat de sant\u00e9 qualifi\u00e9 par elle de \u00ab\u00a0sensible\u00a0\u00bb. Apr\u00e8s un premier refus, la cour a finalement donn\u00e9 suite \u00e0 la demande de la d\u00e9fense et renvoy\u00e9 pour une semaine me proc\u00e8s de l\u2019ancien pr\u00e9sident.<\/p>\n<p>Mais la d\u00e9fense continue de plaider pour une \u00e9vacuation \u00e0 l\u2019\u00e9tranger de l\u2019ancien pr\u00e9sident qui pourrait, selon elle, \u00eatre confront\u00e9 \u00e0 de graves complications sanitaires.<\/p>\n<p>En plus de ses pr\u00e9c\u00e9dents sanitaires li\u00e9s au tir dont il a \u00e9t\u00e9 victime \u00e0 Toueila, en octobre 2012, l\u2019ancien pr\u00e9sident pr\u00e9senterait \u00e9galement des douleurs au genou dont l\u2019op\u00e9ration qui r\u00e9clamerait l\u2019urgence d\u2019une intervention chirurgicale.<\/p>\n","protected":false},"excerpt":{"rendered":"<p>La Cour d&#8217;appel de Nouakchott a d\u00e9cid\u00e9 de mandater une \u00e9quipe m\u00e9dicale pour examiner l&#8217;\u00e9tat de sant\u00e9 de l&#8217;ancien pr\u00e9sident Mohamed Ould Abdel Aziz, tient-on de bonne source. La d\u00e9fense de l\u2019ancien pr\u00e9sident qui comparait, en appel, depuis la mi-novembre devant la justice mauritanienne avait boycott\u00e9, la semaine derni\u00e8re, les audiences du proc\u00e8s de l\u2019ancien &hellip;<\/p>\n","protected":false},"author":2,"featured_media":4288,"comment_status":"open","ping_status":"open","sticky":false,"template":"","format":"standard","meta":{"footnotes":""},"categories":[18],"tags":[],"class_list":["post-13134","post","type-post","status-publish","format-standard","has-post-thumbnail","hentry","category-actualites"],"_links":{"self":[{"href":"https:\/\/ladepeche.mr\/index.php?rest_route=\/wp\/v2\/posts\/13134","targetHints":{"allow":["GET"]}}],"collection":[{"href":"https:\/\/ladepeche.mr\/index.php?rest_route=\/wp\/v2\/posts"}],"about":[{"href":"https:\/\/ladepeche.mr\/index.php?rest_route=\/wp\/v2\/types\/post"}],"author":[{"embeddable":true,"href":"https:\/\/ladepeche.mr\/index.php?rest_route=\/wp\/v2\/users\/2"}],"replies":[{"embeddable":true,"href":"https:\/\/ladepeche.mr\/index.php?rest_route=%2Fwp%2Fv2%2Fcomments&post=13134"}],"version-history":[{"count":2,"href":"https:\/\/ladepeche.mr\/index.php?rest_route=\/wp\/v2\/posts\/13134\/revisions"}],"predecessor-version":[{"id":13136,"href":"https:\/\/ladepeche.mr\/index.php?rest_route=\/wp\/v2\/posts\/13134\/revisions\/13136"}],"wp:featuredmedia":[{"embeddable":true,"href":"https:\/\/ladepeche.mr\/index.php?rest_route=\/wp\/v2\/media\/4288"}],"wp:attachment":[{"href":"https:\/\/ladepeche.mr\/index.php?rest_route=%2Fwp%2Fv2%2Fmedia&parent=13134"}],"wp:term":[{"taxonomy":"category","embeddable":true,"href":"https:\/\/ladepeche.mr\/index.php?rest_route=%2Fwp%2Fv2%2Fcategories&post=13134"},{"taxonomy":"post_tag","embeddable":true,"href":"https:\/\/ladepeche.mr\/index.php?rest_route=%2Fwp%2Fv2%2Ftags&post=13134"}],"curies":[{"name":"wp","href":"https:\/\/api.w.org\/{rel}","templated":true}]}}