{"id":13137,"date":"2024-12-30T14:18:58","date_gmt":"2024-12-30T14:18:58","guid":{"rendered":"https:\/\/ladepeche.mr\/?p=13137"},"modified":"2024-12-30T14:20:11","modified_gmt":"2024-12-30T14:20:11","slug":"lavocat-ould-raiss-se-sert-dune-garde-rapprochee-que-craint-il","status":"publish","type":"post","link":"https:\/\/ladepeche.mr\/?p=13137","title":{"rendered":"L&#8217;avocat Ould Raiss se sert d\u2019une garde rapproch\u00e9e:  Que craint-il?"},"content":{"rendered":"<p>Me Fadili Ould Rais, avocat de la partie civile dans le dossier dit de l\u2019affaire de la d\u00e9cennnie o\u00f9 comparait l\u2019ancien pr\u00e9sident, Mohamed Ould Abdelaziz, et certains de ses anciens collaborateurs, , est arriv\u00e9 aujourd&#8217;hui au tribunal flanqu\u00e9 d\u2019une garde-rapproch\u00e9e, r\u00e9v\u00e8lent nos confr\u00e8res de Al Akhbar.<\/p>\n<p><img loading=\"lazy\" decoding=\"async\" class=\"alignright size-medium wp-image-13139\" src=\"http:\/\/ladepeche.mr\/wp-content\/uploads\/2024\/12\/gorilles-207x300.jpg\" alt=\"\" width=\"207\" height=\"300\" \/><\/p>\n<p>Selon ce m\u00e9dia, deux \u00ab\u00a0gorilles\u00a0\u00bb accompagnaient l&#8217;avocat Ould Raiss tout au long de sa visite de la cour avant de prendre place derri\u00e8re lui dans la salle de proc\u00e8s.<\/p>\n<p>Aucune explication \u00e0 ce fait \u00abexceptionnel \u00bb n\u2019a \u00e9t\u00e9 donn\u00e9e \u00e0 la pr\u00e9sence de cette garde rapproch\u00e9e aupr\u00e8s de l\u2019avocat Ould Raiss qui s\u2019illustre galement en politique mais qui donne l&#8217;impression de &#8220;craindre pour sa s\u00e9curit\u00e9&#8221;.<\/p>\n<p>A noter que la Cour d&#8217;appel de Nouakchott qui juge l\u2019ancien pr\u00e9sident contre qui l\u2019avocat s\u2019est constitu\u00e9, avec plusieurs dizaines d\u2019autres avocats, partie civile, a d\u00e9cid\u00e9 d\u2019une suspension momentan\u00e9e du proc\u00e8s pour l\u2019examen de l\u2019\u00e9tat de sant\u00e9 de l\u2019ancien pr\u00e9sident, \u00e0 la demande de sa d\u00e9fense.<\/p>\n","protected":false},"excerpt":{"rendered":"<p>Me Fadili Ould Rais, avocat de la partie civile dans le dossier dit de l\u2019affaire de la d\u00e9cennnie o\u00f9 comparait l\u2019ancien pr\u00e9sident, Mohamed Ould Abdelaziz, et certains de ses anciens collaborateurs, , est arriv\u00e9 aujourd&#8217;hui au tribunal flanqu\u00e9 d\u2019une garde-rapproch\u00e9e, r\u00e9v\u00e8lent nos confr\u00e8res de Al Akhbar. Selon ce m\u00e9dia, deux \u00ab\u00a0gorilles\u00a0\u00bb accompagnaient l&#8217;avocat Ould Raiss &hellip;<\/p>\n","protected":false},"author":2,"featured_media":13138,"comment_status":"open","ping_status":"open","sticky":false,"template":"","format":"standard","meta":{"footnotes":""},"categories":[18],"tags":[],"class_list":["post-13137","post","type-post","status-publish","format-standard","has-post-thumbnail","hentry","category-actualites"],"_links":{"self":[{"href":"https:\/\/ladepeche.mr\/index.php?rest_route=\/wp\/v2\/posts\/13137","targetHints":{"allow":["GET"]}}],"collection":[{"href":"https:\/\/ladepeche.mr\/index.php?rest_route=\/wp\/v2\/posts"}],"about":[{"href":"https:\/\/ladepeche.mr\/index.php?rest_route=\/wp\/v2\/types\/post"}],"author":[{"embeddable":true,"href":"https:\/\/ladepeche.mr\/index.php?rest_route=\/wp\/v2\/users\/2"}],"replies":[{"embeddable":true,"href":"https:\/\/ladepeche.mr\/index.php?rest_route=%2Fwp%2Fv2%2Fcomments&post=13137"}],"version-history":[{"count":2,"href":"https:\/\/ladepeche.mr\/index.php?rest_route=\/wp\/v2\/posts\/13137\/revisions"}],"predecessor-version":[{"id":13141,"href":"https:\/\/ladepeche.mr\/index.php?rest_route=\/wp\/v2\/posts\/13137\/revisions\/13141"}],"wp:featuredmedia":[{"embeddable":true,"href":"https:\/\/ladepeche.mr\/index.php?rest_route=\/wp\/v2\/media\/13138"}],"wp:attachment":[{"href":"https:\/\/ladepeche.mr\/index.php?rest_route=%2Fwp%2Fv2%2Fmedia&parent=13137"}],"wp:term":[{"taxonomy":"category","embeddable":true,"href":"https:\/\/ladepeche.mr\/index.php?rest_route=%2Fwp%2Fv2%2Fcategories&post=13137"},{"taxonomy":"post_tag","embeddable":true,"href":"https:\/\/ladepeche.mr\/index.php?rest_route=%2Fwp%2Fv2%2Ftags&post=13137"}],"curies":[{"name":"wp","href":"https:\/\/api.w.org\/{rel}","templated":true}]}}