{"id":13142,"date":"2024-12-30T15:52:25","date_gmt":"2024-12-30T15:52:25","guid":{"rendered":"https:\/\/ladepeche.mr\/?p=13142"},"modified":"2024-12-30T15:52:25","modified_gmt":"2024-12-30T15:52:25","slug":"economie-la-bcm-reduit-son-taux-directeur","status":"publish","type":"post","link":"https:\/\/ladepeche.mr\/?p=13142","title":{"rendered":"Economie : La BCM r\u00e9duit son taux directeur"},"content":{"rendered":"<p>Le Conseil de politique mon\u00e9taire de la BCM, r\u00e9uni le vendredi 27 d\u00e9cembre 2024, sous la pr\u00e9sidence du Gouverneur de la Banque centrale de Mauritanie, Mohamed Lemine Dhehby a d\u00e9cid\u00e9 de r\u00e9duire le taux directeur de la banque jusqu\u2019\u00e0 6.5%.<\/p>\n<p>Le conseil qui avait analys\u00e9 \u00ab l\u2019\u00e9volution r\u00e9cente de la conjoncture \u00e9conomique nationale et internationale ainsi que les perspectives d\u2019inflation et de croissance \u00bb. Une situation marqu\u00e9e par une baisse lente et\/ou une d\u00e9c\u00e9l\u00e9ration de l\u2019inflation dans le pays. Par mesure de pr\u00e9caution, le conseil de politique mon\u00e9taire avait m\u00eame pr\u00e9vu, en avril 2024, une r\u00e9duction par pallier \u00e0 0.5% . Le taux directeur de la BCM \u00e9tait fix\u00e9 en 2022 \u00e0 8%.<\/p>\n<p>Confort\u00e9 aujourd\u2019hui dans ses choix politiques et ses pr\u00e9visions \u00e9conomiques \u00e0 court et moyen termes, le conseil \u00e9tait donc fond\u00e9 \u00e0 r\u00e9duire de 25 points de base le taux directeur jusqu\u2019ici en vigueur, pour le ramener \u00e0 6,5%.<\/p>\n<p>La stabilit\u00e9 des prix est l\u2019une des premi\u00e8res missions de la BCM. Malgr\u00e9 une contraction de la croissance \u00e0 3,4 % en 2023, les perspectives \u00e9conomiques dans le pays demeurent favorables, avec une croissance du PIB r\u00e9el projet\u00e9e \u00e0 4,2 % en 2024 et 5,5 % en 2025.<\/p>\n<p>Le dernier conseil de politique mon\u00e9taire pour l\u2019ann\u00e9e 2024 se termine donc sur une bonne note cens\u00e9e encourager la consommation et l\u2019investissement.<\/p>\n","protected":false},"excerpt":{"rendered":"<p>Le Conseil de politique mon\u00e9taire de la BCM, r\u00e9uni le vendredi 27 d\u00e9cembre 2024, sous la pr\u00e9sidence du Gouverneur de la Banque centrale de Mauritanie, Mohamed Lemine Dhehby a d\u00e9cid\u00e9 de r\u00e9duire le taux directeur de la banque jusqu\u2019\u00e0 6.5%. Le conseil qui avait analys\u00e9 \u00ab l\u2019\u00e9volution r\u00e9cente de la conjoncture \u00e9conomique nationale et internationale &hellip;<\/p>\n","protected":false},"author":2,"featured_media":13143,"comment_status":"open","ping_status":"open","sticky":false,"template":"","format":"standard","meta":{"footnotes":""},"categories":[18,2],"tags":[],"class_list":["post-13142","post","type-post","status-publish","format-standard","has-post-thumbnail","hentry","category-actualites","category-economie"],"_links":{"self":[{"href":"https:\/\/ladepeche.mr\/index.php?rest_route=\/wp\/v2\/posts\/13142","targetHints":{"allow":["GET"]}}],"collection":[{"href":"https:\/\/ladepeche.mr\/index.php?rest_route=\/wp\/v2\/posts"}],"about":[{"href":"https:\/\/ladepeche.mr\/index.php?rest_route=\/wp\/v2\/types\/post"}],"author":[{"embeddable":true,"href":"https:\/\/ladepeche.mr\/index.php?rest_route=\/wp\/v2\/users\/2"}],"replies":[{"embeddable":true,"href":"https:\/\/ladepeche.mr\/index.php?rest_route=%2Fwp%2Fv2%2Fcomments&post=13142"}],"version-history":[{"count":1,"href":"https:\/\/ladepeche.mr\/index.php?rest_route=\/wp\/v2\/posts\/13142\/revisions"}],"predecessor-version":[{"id":13144,"href":"https:\/\/ladepeche.mr\/index.php?rest_route=\/wp\/v2\/posts\/13142\/revisions\/13144"}],"wp:featuredmedia":[{"embeddable":true,"href":"https:\/\/ladepeche.mr\/index.php?rest_route=\/wp\/v2\/media\/13143"}],"wp:attachment":[{"href":"https:\/\/ladepeche.mr\/index.php?rest_route=%2Fwp%2Fv2%2Fmedia&parent=13142"}],"wp:term":[{"taxonomy":"category","embeddable":true,"href":"https:\/\/ladepeche.mr\/index.php?rest_route=%2Fwp%2Fv2%2Fcategories&post=13142"},{"taxonomy":"post_tag","embeddable":true,"href":"https:\/\/ladepeche.mr\/index.php?rest_route=%2Fwp%2Fv2%2Ftags&post=13142"}],"curies":[{"name":"wp","href":"https:\/\/api.w.org\/{rel}","templated":true}]}}