{"id":13148,"date":"2024-12-31T23:50:29","date_gmt":"2024-12-31T23:50:29","guid":{"rendered":"https:\/\/ladepeche.mr\/?p=13148"},"modified":"2025-01-01T11:30:39","modified_gmt":"2025-01-01T11:30:39","slug":"le-gouvernement-felicite-les-populations-du-h-gharbi-et-de-lassaba","status":"publish","type":"post","link":"https:\/\/ladepeche.mr\/?p=13148","title":{"rendered":"Le gouvernement f\u00e9licite les populations du H. Gharbi et de l&#8217;Assaba"},"content":{"rendered":"<div class=\"row\">\n<div class=\"cell auto-size bd-gray\" dir=\"ltr\">\n<div class=\"set-border padding10 margin10 no-margin-right no-margin-left\">Le Conseil des Ministres s\u2019est r\u00e9uni le Mardi le 31 d\u00e9cembre 2024, sous la Pr\u00e9sidence de Son Excellence Monsieur Mohamed Ould Cheikh El-Ghazouani, Pr\u00e9sident de la R\u00e9publique.<\/div>\n<\/div>\n<\/div>\n<div class=\"row\">\n<div class=\"cell auto-size\">\n<div class=\"set-border bd-gray padding10 margin10 no-margin-right no-margin-left \" dir=\"ltr\">\n<p>Le Conseil a examin\u00e9 et adopt\u00e9 les projets de d\u00e9crets suivants :<\/p>\n<p>\u2013 Projet de d\u00e9cret portant nomination des membres du Conseil d\u2019Administration de l\u2019Agence Nationale de la Recherche Scientifique et de l\u2019Innovation (ANRSI).<\/p>\n<p>\u2013 Projet de d\u00e9cret abrogeant et rempla\u00e7ant le d\u00e9cret n\u00b02015-158 du 1er octobre 2015, abrogeant et rempla\u00e7ant le d\u00e9cret n\u00b02006-002 du 17 janvier 2006 relatif \u00e0 la commission d\u2019\u00e9valuation des dipl\u00f4mes, d\u00e9finissant sa composition, les modalit\u00e9s de son organisation et de son fonctionnement.<\/p>\n<p>Ce projet de d\u00e9cret a pour objectif d\u2019am\u00e9liorer les proc\u00e9dures de travail de la Commission d\u2019\u00e9valuation des dipl\u00f4mes afin de lui permettre de remplir pleinement ses missions et de renforcer ses capacit\u00e9s d\u2019accompagnement de la mondialisation de l\u2019enseignement et de la formation eu \u00e9gard \u00e0 l\u2019augmentation des \u00e9tablissements publics et priv\u00e9s d\u2019enseignement et de formation, \u00e0 la multiplicit\u00e9 des sp\u00e9cialisations ainsi que la diversit\u00e9 des m\u00e9thodes \u00e9ducatives avec l\u2019utilisation croissante des nouvelles technologies et l\u2019adoption de l\u2019enseignement \u00e0 distance. Ces am\u00e9liorations vont porter sur :<\/p>\n<p>\u2013 Le renforcement des crit\u00e8res d\u2019\u00e9valuation des dipl\u00f4mes et qualifications obtenus \u00e0 l\u2019\u00e9tranger \u00e0 travers l\u2019int\u00e9gration d\u2019un crit\u00e8re de reconnaissances au niveau du pays d\u2019accueil de l\u2019\u00e9tablissement d\u2019attribution ;<\/p>\n<p>\u2013 L\u2019ajout de dispositions relatives au renforcement des capacit\u00e9s de la commission et l\u2019am\u00e9lioration de son exp\u00e9rience.<\/p>\n<p>\u2013 Projet de d\u00e9cret portant nomination du Pr\u00e9sident du Conseil d\u2019Administration de l\u2019Office National d\u2019Inspection Sanitaire des Produits de P\u00eache et de l\u2019Aquaculture (ONISPA).<\/p>\n<p>\u2010 Projet de d\u00e9cret portant nomination des membres du Conseil d\u2019Administration de l\u2019Agence Nationale de l\u2019Aviation Civile (ANAC).<\/p>\n<p>Par ailleurs, inform\u00e9 des r\u00e9sultats de la visite de travail effectu\u00e9e par Son Excellence Monsieur le Pr\u00e9sident de la R\u00e9publique, dans le cadre des festivit\u00e9s comm\u00e9moratives du 64\u00e8me anniversaire de l\u2019ind\u00e9pendance nationale, dans les wilayas du Hodh El Gharbi et de l\u2019Assaba les 27 et 28 d\u00e9cembre 2024, le Conseil des Ministres adresse ses remerciements et ses vives f\u00e9licitations aux populations de ces wilayas en g\u00e9n\u00e9ral et \u00e0 celles des Moughataas d\u2019Aioun et de Kankossa en particulier, pour la grande mobilisation et la chaleur de l\u2019accueil r\u00e9serv\u00e9 \u00e0 Son Excellence Monsieur le Pr\u00e9sident de la R\u00e9publique et \u00e0 la d\u00e9l\u00e9gation qui l\u2019a accompagn\u00e9 au cours de cette importante visite, au cours de laquelle il a supervis\u00e9 le lancement et l\u2019inauguration de plusieurs projets de d\u00e9veloppement au profit des populations.<\/p>\n<p>Le Ministre de la Justice, Ministre des Affaires Etrang\u00e8res, de la Coop\u00e9ration Africaine et des Mauritaniens de l\u2019Ext\u00e9rieur par int\u00e9rim, a pr\u00e9sent\u00e9 une communication relative \u00e0 la situation internationale.<\/p>\n<p>Le Ministre de l\u2019Int\u00e9rieur, de la Promotion de la D\u00e9centralisation et du D\u00e9veloppement Local a pr\u00e9sent\u00e9 une communication relative \u00e0 la situation int\u00e9rieure.<\/p>\n<p>Enfin, le Conseil a pris les mesures individuelles suivantes :<\/p>\n<p>Minist\u00e8re de la Justice<\/p>\n<p>Administration Centrale<\/p>\n<p>Direction des Ressources Humaines<\/p>\n<p>\u2013 Directeur : Juge Ahmed Val Lazgham, pr\u00e9c\u00e9demment Procureur G\u00e9n\u00e9ral Adjoint pr\u00e8s de la Cour Supr\u00eame<\/p>\n<p>Minist\u00e8re de l\u2019Int\u00e9rieur, de la Promotion de la D\u00e9centralisation et du D\u00e9veloppement Local<\/p>\n<p>Administration Territoriale<\/p>\n<p>Wilaya du Gorgol<\/p>\n<p>\u2013 Wali : Mohamed El Moctar Ould Abdi, Administrateur Civil, pr\u00e9c\u00e9demment Wali du Tiris Zemmour.<\/p>\n<p>Wilaya du Trarza<\/p>\n<p>\u2013 Wali : Ahmedna Ould Sid\u2019Ebe, Administrateur Civil, pr\u00e9c\u00e9demment Wali du Gorgol<\/p>\n<p>Wilaya du Tagant<\/p>\n<p>\u2013 Wali : Mohamed Ould Ahmed Maouloud, Administrateur Civil, pr\u00e9c\u00e9demment Wali Trarza.<\/p>\n<p>Wilaya du Tiris Zemmour<\/p>\n<p>\u2013 Wali : Teyeb Ould Mohamed Mahmoud, Administrateur Civil, pr\u00e9c\u00e9demment Wali du Tagant<\/p>\n<p>Minist\u00e8re de la Sant\u00e9<\/p>\n<p>Etablissements Publics<\/p>\n<p>Centre Hospitalier R\u00e9gional de S\u00e9libaby<\/p>\n<p>\u2013 Directeur : Dr. D\u00e8me Abou Harouna, en remplacement de Taleb Maata Moulana Salem<\/p>\n<p>Minist\u00e8re de l\u2019Energie et du P\u00e9trole<\/p>\n<p>Administration Centrale<\/p>\n<p>Direction G\u00e9n\u00e9rale de l\u2019Electricit\u00e9 et des Energies Renouvelables<\/p>\n<p>\u2013 Directeur G\u00e9n\u00e9ral : Mohamed El Moctar Ahmed Mahmoud, pr\u00e9c\u00e9demment Conseiller du Directeur G\u00e9n\u00e9ral de la SOMELEC, en remplacement de Brahim Ould Abdellahi, appel\u00e9 \u00e0 faire valoir ses droits \u00e0 la retraite.<\/p>\n<p>Etablissements Publics<\/p>\n<p>Soci\u00e9t\u00e9 Mauritanienne des Industries de Raffinage (SOMIR)<\/p>\n<p>\u2013 Directeur G\u00e9n\u00e9ral : Fall Khayar, pr\u00e9c\u00e9demment Directeur G\u00e9n\u00e9ral de l\u2019Etablissement des Travaux d\u2019Entretien Routier (ETER)<\/p>\n<p>Minist\u00e8re de l\u2019Equipement et des Transports<\/p>\n<p>Etablissements Publics<\/p>\n<p>Etablissement des Travaux d\u2019Entretien Routier (ETER)<\/p>\n<p>\u2013 Directeur G\u00e9n\u00e9ral : Mohamed Mahmoud Ould Oumar, titulaire d\u2019un Doctorat en Economie.<\/p>\n<p>Ami<\/p>\n<\/div>\n<\/div>\n<\/div>\n","protected":false},"excerpt":{"rendered":"<p>Le Conseil des Ministres s\u2019est r\u00e9uni le Mardi le 31 d\u00e9cembre 2024, sous la Pr\u00e9sidence de Son Excellence Monsieur Mohamed Ould Cheikh El-Ghazouani, Pr\u00e9sident de la R\u00e9publique. Le Conseil a examin\u00e9 et adopt\u00e9 les projets de d\u00e9crets suivants : \u2013 Projet de d\u00e9cret portant nomination des membres du Conseil d\u2019Administration de l\u2019Agence Nationale de la &hellip;<\/p>\n","protected":false},"author":2,"featured_media":12406,"comment_status":"open","ping_status":"open","sticky":false,"template":"","format":"standard","meta":{"footnotes":""},"categories":[18],"tags":[],"class_list":["post-13148","post","type-post","status-publish","format-standard","has-post-thumbnail","hentry","category-actualites"],"_links":{"self":[{"href":"https:\/\/ladepeche.mr\/index.php?rest_route=\/wp\/v2\/posts\/13148","targetHints":{"allow":["GET"]}}],"collection":[{"href":"https:\/\/ladepeche.mr\/index.php?rest_route=\/wp\/v2\/posts"}],"about":[{"href":"https:\/\/ladepeche.mr\/index.php?rest_route=\/wp\/v2\/types\/post"}],"author":[{"embeddable":true,"href":"https:\/\/ladepeche.mr\/index.php?rest_route=\/wp\/v2\/users\/2"}],"replies":[{"embeddable":true,"href":"https:\/\/ladepeche.mr\/index.php?rest_route=%2Fwp%2Fv2%2Fcomments&post=13148"}],"version-history":[{"count":2,"href":"https:\/\/ladepeche.mr\/index.php?rest_route=\/wp\/v2\/posts\/13148\/revisions"}],"predecessor-version":[{"id":13165,"href":"https:\/\/ladepeche.mr\/index.php?rest_route=\/wp\/v2\/posts\/13148\/revisions\/13165"}],"wp:featuredmedia":[{"embeddable":true,"href":"https:\/\/ladepeche.mr\/index.php?rest_route=\/wp\/v2\/media\/12406"}],"wp:attachment":[{"href":"https:\/\/ladepeche.mr\/index.php?rest_route=%2Fwp%2Fv2%2Fmedia&parent=13148"}],"wp:term":[{"taxonomy":"category","embeddable":true,"href":"https:\/\/ladepeche.mr\/index.php?rest_route=%2Fwp%2Fv2%2Fcategories&post=13148"},{"taxonomy":"post_tag","embeddable":true,"href":"https:\/\/ladepeche.mr\/index.php?rest_route=%2Fwp%2Fv2%2Ftags&post=13148"}],"curies":[{"name":"wp","href":"https:\/\/api.w.org\/{rel}","templated":true}]}}