{"id":13150,"date":"2024-12-31T23:55:33","date_gmt":"2024-12-31T23:55:33","guid":{"rendered":"https:\/\/ladepeche.mr\/?p=13150"},"modified":"2024-12-31T23:56:04","modified_gmt":"2024-12-31T23:56:04","slug":"13150","status":"publish","type":"post","link":"https:\/\/ladepeche.mr\/?p=13150","title":{"rendered":"Session ordinaire de l&#8217;UFP: communiqu\u00e9 de presse"},"content":{"rendered":"<p>Le bureau ex\u00e9cutif de l\u2019Union des Forces de Progr\u00e8s (UFP), s&#8217;est r\u00e9uni au si\u00e8ge central \u00e0 Nouakchott en session ordinaire, le 27 d\u00e9cembre, sous la pr\u00e9sidence de Mohamed Ould Maouloud, pr\u00e9sident du Parti. Cette session qui a dur\u00e9 trois jours a \u00e9t\u00e9 cl\u00f4tur\u00e9 dans la soir\u00e9e du dimanche 29 d\u00e9cembre 2024.<\/p>\n<p>L&#8217;ordre du jour comportait trois points: la situation politique actuelle ; la pr\u00e9paration de la campagne d\u2019adh\u00e9sion pour le renouvellement des structures de base en vue du congr\u00e8s ordinaire du parti pr\u00e9vu en 2025; et le projet de budget pour l\u2019ann\u00e9e prochaine (2025).<\/p>\n<p>Les travaux se sont d\u00e9roul\u00e9s dans de bonnes conditions, marqu\u00e9s par un climat d\u2019unit\u00e9 et des discussions approfondies sur les diff\u00e9rents points inscrits \u00e0 l\u2019ordre du jour. Ces discussions ont abouti \u00e0 l\u2019approbation quasi unanime de trois documents principaux :<\/p>\n<p>1. Une r\u00e9solution en 21 points d\u00e9finissant la vision du parti sur la situation nationale, sous-r\u00e9gionale et internationale; sur les perspectives et sur la position du parti par rapport \u00e0 la situation actuelle du pays.<\/p>\n<p>La strat\u00e9gie d&#8217;opposition adopt\u00e9e par le Bureau Ex\u00e9cutif vise \u00e0 d\u00e9fendre l\u2019unit\u00e9 nationale et la coh\u00e9sion sociale, ce qui passe par la recherche et la mise en \u0153uvre de solutions idoines aux dossiers en suspens du passif humanitaire, des pratiques esclavagistes etc.; elle pr\u00e9conise un dialogue national v\u00e9ritable pour engager les r\u00e9formes indispensables au pays pour faire face aux multiples d\u00e9fis int\u00e9rieurs et ext\u00e9rieurs.<\/p>\n<p>Elle engage \u00e9galement le parti \u00e0 lutter pour le droit des citoyens \u00e0 une vie d\u00e9cente, \u00e0 la libert\u00e9, \u00e0 la s\u00e9curit\u00e9, \u00e0 l&#8217;\u00e9galit\u00e9 et \u00e0 la justice. En outre, il devra \u0153uvrer \u00e0 la coordination entre les forces de l\u2019opposition pour l&#8217;instauration des r\u00e9formes permettant une alternance d\u00e9mocratique au pouvoir.<\/p>\n<p>2. Une r\u00e9solution relative \u00e0 la campagne d&#8217;adh\u00e9sion et de r\u00e9implantation qui durera de janvier au mois de mai prochain.<\/p>\n<p>3. Le projet de budget pour l\u2019ann\u00e9e 2025 \u00e9labor\u00e9 \u00e0 la lumi\u00e8re des rapports sur les comptes du parti des ann\u00e9es pr\u00e9c\u00e9dentes, valid\u00e9s par le commissaire aux comptes et du bilan provisoire de la campagne de collecte de fonds en cours depuis trois mois, ciblant les bases militantes, les cadres, les sympathisants et amis du parti.<\/p>\n<p>Enfin, une recommandation mettant en avant l\u2019urgence de mettre en \u0153uvre les r\u00e9formes pr\u00e9conis\u00e9es par l\u2019audit pour la redynamisation du parti.<\/p>\n<p>D\u00e9partement de Communication<\/p>\n<p><strong>Nouakchott<\/strong>, le 30 d\u00e9cembre 2024<\/p>\n","protected":false},"excerpt":{"rendered":"<p>Le bureau ex\u00e9cutif de l\u2019Union des Forces de Progr\u00e8s (UFP), s&#8217;est r\u00e9uni au si\u00e8ge central \u00e0 Nouakchott en session ordinaire, le 27 d\u00e9cembre, sous la pr\u00e9sidence de Mohamed Ould Maouloud, pr\u00e9sident du Parti. Cette session qui a dur\u00e9 trois jours a \u00e9t\u00e9 cl\u00f4tur\u00e9 dans la soir\u00e9e du dimanche 29 d\u00e9cembre 2024. L&#8217;ordre du jour comportait &hellip;<\/p>\n","protected":false},"author":2,"featured_media":3695,"comment_status":"open","ping_status":"open","sticky":false,"template":"","format":"standard","meta":{"footnotes":""},"categories":[18,31],"tags":[],"class_list":["post-13150","post","type-post","status-publish","format-standard","has-post-thumbnail","hentry","category-actualites","category-politique-et-reportages"],"_links":{"self":[{"href":"https:\/\/ladepeche.mr\/index.php?rest_route=\/wp\/v2\/posts\/13150","targetHints":{"allow":["GET"]}}],"collection":[{"href":"https:\/\/ladepeche.mr\/index.php?rest_route=\/wp\/v2\/posts"}],"about":[{"href":"https:\/\/ladepeche.mr\/index.php?rest_route=\/wp\/v2\/types\/post"}],"author":[{"embeddable":true,"href":"https:\/\/ladepeche.mr\/index.php?rest_route=\/wp\/v2\/users\/2"}],"replies":[{"embeddable":true,"href":"https:\/\/ladepeche.mr\/index.php?rest_route=%2Fwp%2Fv2%2Fcomments&post=13150"}],"version-history":[{"count":2,"href":"https:\/\/ladepeche.mr\/index.php?rest_route=\/wp\/v2\/posts\/13150\/revisions"}],"predecessor-version":[{"id":13152,"href":"https:\/\/ladepeche.mr\/index.php?rest_route=\/wp\/v2\/posts\/13150\/revisions\/13152"}],"wp:featuredmedia":[{"embeddable":true,"href":"https:\/\/ladepeche.mr\/index.php?rest_route=\/wp\/v2\/media\/3695"}],"wp:attachment":[{"href":"https:\/\/ladepeche.mr\/index.php?rest_route=%2Fwp%2Fv2%2Fmedia&parent=13150"}],"wp:term":[{"taxonomy":"category","embeddable":true,"href":"https:\/\/ladepeche.mr\/index.php?rest_route=%2Fwp%2Fv2%2Fcategories&post=13150"},{"taxonomy":"post_tag","embeddable":true,"href":"https:\/\/ladepeche.mr\/index.php?rest_route=%2Fwp%2Fv2%2Ftags&post=13150"}],"curies":[{"name":"wp","href":"https:\/\/api.w.org\/{rel}","templated":true}]}}