{"id":13155,"date":"2025-01-01T11:13:43","date_gmt":"2025-01-01T11:13:43","guid":{"rendered":"https:\/\/ladepeche.mr\/?p=13155"},"modified":"2025-01-01T13:38:23","modified_gmt":"2025-01-01T13:38:23","slug":"pedro-sanchez-homme-de-lannee-un-visage-peut-en-cacher-autres","status":"publish","type":"post","link":"https:\/\/ladepeche.mr\/?p=13155","title":{"rendered":"Pedro Sanchez, homme de l\u2019ann\u00e9e\u00a0: Un visage peut en cacher d&#8217;autres\u00a0!"},"content":{"rendered":"<p>Pedro Sanchez, homme de l\u2019ann\u00e9e : Pour ou contre? C\u2019est la question que j&#8217;ai pos\u00e9e sur le m\u00e9dia Linkedin. Trois jours \u00e0 peine mon post explose et d\u00e9voile l&#8217;heureux \u00e9lu. Pr\u00e8s de 30.000 internautes approuvent le choix du premier Ministre espagnol \u00e0 cette distinction.<\/p>\n<p>Voici mon pr\u00e9ambule. \u00ab\u00a0On donne souvent le titre de l&#8217;Homme de l&#8217;ann\u00e9e \u00e0 des personnalit\u00e9s qui se distinguent par leur action. J&#8217;ai pens\u00e9 objectivement que Pedro S\u00e1nchez P\u00e9rez-Castej\u00f3n, premier Ministre d&#8217;Espagne, s\u2019impose comme l\u2019Homme de l\u2019ann\u00e9e en 2024 en hommage \u00e0 sa position pour une Paix juste au Moyen-Orient, pour le refus de son gouvernement de livrer des armes \u00e0 Isra\u00e9l ainsi que pour sa reconnaissance de l\u2019Etat de Palestine au creux de la vague g\u00e9nocidaire d\u2019Isra\u00e9l contre le Peuple Palestinien.\u00a0\u00bb Fin de citation.<\/p>\n<p>Simon Harris, premier Ministre irlandais pouvait bien, sur ce registre europ\u00e9en, faire figure d\u2019homme de l\u2019ann\u00e9e \u00e0 la place de P\u00e9dro Sanchez. Idem pour Francesca Albanez, l&#8217;italienne rapporteuse des NU pour la Palestine. L\u2019un et l\u2019autre ont fait preuve d\u2019un courage politique inou\u00ef \u00e0 d\u00e9noncer les atrocit\u00e9s isra\u00e9liennes et les deux poids deux mesures de l&#8217;UE et de l&#8217;Occident, en g\u00e9n\u00e9ral. Une r\u00e9alit\u00e9 qui les rassemble d\u2019ailleurs tous les trois. Malgr\u00e9 quelques r\u00e9actions amicales, mon constat sur le choix de Pedro Sanchez est vite adul\u00e9 par pr\u00e8s de trente mille internautes \u00ab votants \u00bb.<\/p>\n<p><img loading=\"lazy\" decoding=\"async\" class=\"wp-image-13157 alignright\" src=\"http:\/\/ladepeche.mr\/wp-content\/uploads\/2025\/01\/Albanez-Harris-300x113.png\" alt=\"\" width=\"552\" height=\"208\" \/><\/p>\n<p>Comme pour moi, sans doute, le refus oppos\u00e9 par le premier ministre espagnol \u00e0 l\u2019armada us \u00e0 destination d&#8217;Isra\u00ebl de mouiller l\u2019encre dans les ports espagnols a probablement fait basculer le choix des internautes. Ils sont, en effet, rares en Europe, les dirigeants qui osent marquer leur diff\u00e9rence d\u2019appr\u00e9ciation avec les USA notamment \u00e0 propos d\u2019un g\u00e9nocide confirm\u00e9 par les organisations internationales. Les hommes politiques europ\u00e9ens qui d\u00e9fendent les valeurs de l\u2019Union Europ\u00e9enne et les portent en \u00e9tendard s\u2019\u00e9clipsent souvent d\u00e8s que les int\u00e9r\u00eats isra\u00e9liens sont en jeu. Un complexe h\u00e9rit\u00e9, sans doute, de la seconde guerre mondiale o\u00f9 l\u2019Europe a servi l\u2019inquisition contre les juifs au point de baisser la t\u00eate face \u00e0 un autre g\u00e9nocide perp\u00e9tr\u00e9, cette fois, par des extr\u00e9mistes sionistes, cens\u00e9s \u00eatre descendants de l\u2019holocauste, contre les enfants \u00e0 Gaza. Un massacre jamais vu dans le monde.<\/p>\n<p>Un affaissement de la classe dirigeante que les opinions publiques occidentales et notamment les juifs sont les premiers \u00e0 d\u00e9masquer. \u00ab Not in Our name \u00bb crient-ils \u00e0 qui veut les entendre car au-del\u00e0 des attaques du 7 octobre 2023, ni la r\u00e9action, encore moins les d\u00e9veloppements qui ont suivi, ne laissent de doute sur la v\u00e9ritable motivation satanique du Likoud isra\u00e9lien, soutenu par les ultraorthodoxes, \u00e0 vouloir nettoyer Gaza de son Peuple. Officiellement plus de 50.000 morts en 2024. Le bilan serait encore plus lourd selon les m\u00e9dias sp\u00e9cialis\u00e9s. 300.000 victimes au bas mot. Pourtant, cela n&#8217;a pas encore \u00e9veill\u00e9 les consciences des dirigeants europ\u00e9ens emmur\u00e9s dans un silence complice du g\u00e9nocide. Il faut reconnaitre que ce g\u00e9nocide a \u00e9t\u00e9 favoris\u00e9 par le r\u00f4le complice des Etats-Unis d&#8217;Am\u00e9rique, gendarmes du monde qui, tr\u00e8s souvent, appuyaient sur la g\u00e2chette.<\/p>\n<p>Rare donc sont les dirigeants sur le vieux continent, comme Pedro Sanchez, Simon Harris ou encore francesca Albanez, qui ont su \u00e9lever la voix et eu le courage de dire &#8220;basta, il y a trop de morts parmi les innocents&#8221;. L&#8217;examen de conscience n&#8217;est pas encore \u00e0 l&#8217;ordre du jour et rare parmi la classe politique et m\u00e9diatique en Europe sont ceux qui ont su rappeler les valeurs d\u2019humanisme, de justice, de paix et de solidarit\u00e9 qui fondent le pacte europ\u00e9en.<\/p>\n<p>Pedro Sanchez fait un \u00e9norme consensus parmi l\u2019humanit\u00e9 sur la toile pour avoir sevr\u00e9 le gouvernement extr\u00e9miste isra\u00e9lien d\u2019armes pour tuer les palestiniens et pour avoir franchi le pas, avec l\u2019Irlande et la Norv\u00e8ge, en reconnaissant l\u2019Etat de Palestine, comme une premi\u00e8re \u00e9tape \u00e0 la seule solution plausible. Celle de deux Etats qui vivraient en paix, c\u00f4te-\u00e0-c\u00f4te. Il en a, en tout cas, indiqu\u00e9 le chemin.<\/p>\n<p>Felicidades al hombre del a\u00f1o, Senor Pedro Sanchez.<\/p>\n<p>JD<\/p>\n","protected":false},"excerpt":{"rendered":"<p>Pedro Sanchez, homme de l\u2019ann\u00e9e : Pour ou contre? C\u2019est la question que j&#8217;ai pos\u00e9e sur le m\u00e9dia Linkedin. Trois jours \u00e0 peine mon post explose et d\u00e9voile l&#8217;heureux \u00e9lu. Pr\u00e8s de 30.000 internautes approuvent le choix du premier Ministre espagnol \u00e0 cette distinction. Voici mon pr\u00e9ambule. \u00ab\u00a0On donne souvent le titre de l&#8217;Homme de &hellip;<\/p>\n","protected":false},"author":2,"featured_media":13156,"comment_status":"open","ping_status":"open","sticky":false,"template":"","format":"standard","meta":{"footnotes":""},"categories":[18,29],"tags":[],"class_list":["post-13155","post","type-post","status-publish","format-standard","has-post-thumbnail","hentry","category-actualites","category-monde"],"_links":{"self":[{"href":"https:\/\/ladepeche.mr\/index.php?rest_route=\/wp\/v2\/posts\/13155","targetHints":{"allow":["GET"]}}],"collection":[{"href":"https:\/\/ladepeche.mr\/index.php?rest_route=\/wp\/v2\/posts"}],"about":[{"href":"https:\/\/ladepeche.mr\/index.php?rest_route=\/wp\/v2\/types\/post"}],"author":[{"embeddable":true,"href":"https:\/\/ladepeche.mr\/index.php?rest_route=\/wp\/v2\/users\/2"}],"replies":[{"embeddable":true,"href":"https:\/\/ladepeche.mr\/index.php?rest_route=%2Fwp%2Fv2%2Fcomments&post=13155"}],"version-history":[{"count":9,"href":"https:\/\/ladepeche.mr\/index.php?rest_route=\/wp\/v2\/posts\/13155\/revisions"}],"predecessor-version":[{"id":13170,"href":"https:\/\/ladepeche.mr\/index.php?rest_route=\/wp\/v2\/posts\/13155\/revisions\/13170"}],"wp:featuredmedia":[{"embeddable":true,"href":"https:\/\/ladepeche.mr\/index.php?rest_route=\/wp\/v2\/media\/13156"}],"wp:attachment":[{"href":"https:\/\/ladepeche.mr\/index.php?rest_route=%2Fwp%2Fv2%2Fmedia&parent=13155"}],"wp:term":[{"taxonomy":"category","embeddable":true,"href":"https:\/\/ladepeche.mr\/index.php?rest_route=%2Fwp%2Fv2%2Fcategories&post=13155"},{"taxonomy":"post_tag","embeddable":true,"href":"https:\/\/ladepeche.mr\/index.php?rest_route=%2Fwp%2Fv2%2Ftags&post=13155"}],"curies":[{"name":"wp","href":"https:\/\/api.w.org\/{rel}","templated":true}]}}