{"id":1317,"date":"2022-07-31T13:52:23","date_gmt":"2022-07-31T13:52:23","guid":{"rendered":"https:\/\/ladepeche.mr\/?p=1317"},"modified":"2022-07-31T13:52:23","modified_gmt":"2022-07-31T13:52:23","slug":"la-cedeao-annonce-un-projet-de-force-anti-putsch-dans-la-region-ouest-africaine","status":"publish","type":"post","link":"https:\/\/ladepeche.mr\/?p=1317","title":{"rendered":"La C\u00e9d\u00e9ao annonce un projet de force anti-putsch dans la r\u00e9gion ouest-africaine"},"content":{"rendered":"<p>Le Pr\u00e9sident en exercice de la Communaut\u00e9 \u00e9conomique des Etats de l&#8217;Afrique de l&#8217;ouest (C\u00e9d\u00e9ao), Umaro Mokhtar Sissoco Embal\u00f3 Pr\u00e9sident de la Guin\u00e9e Bissau, a annonc\u00e9, jeudi, la cr\u00e9ation bient\u00f4t d&#8217;une force anti-putsch.<\/p>\n<p>Umaro Mokhtar Sissoco Embal\u00f3 s&#8217;exprimait en conf\u00e9rence de presse conjointe avec son homologue fran\u00e7ais, Emmanuel Macron en visite dans le pays.<\/p>\n<p>\u00ab Il y a d\u00e9j\u00e0 sur la table de la C\u00e9d\u00e9ao un projet de cr\u00e9ation d\u2019une force anti-putsch qu&#8217;on est en train de penser \u00e0 cr\u00e9er \u00bb, affirmant que \u00ab cette entit\u00e9 va permettre \u00e0 tout le monde de comprendre que nous sommes au 21e si\u00e8cle et qu\u2019il est inadmissible et inacceptable de faire des coups d\u2019Etat \u00bb, a-t-il d\u00e9clar\u00e9.<\/p>\n<p>Et d&#8217;ajouter : \u00ab On ne peut penser que pour arriver au sommet de l\u2019Etat, c\u2019est un fast track. Il y a des proc\u00e9dures pour \u00eatre chef d\u2019Etat. Il faut qu\u2019on soit tous r\u00e9publicains. C\u2019est le peuple qui a le droit de sanctionner les dirigeants mais pas avec des coups d&#8217;Etat militaires \u00bb.<\/p>\n<p>Le Pr\u00e9sident fran\u00e7ais Emmanuel \u00a0Macron a,\u00a0pour sa part, indiqu\u00e9 avoir \u00e9t\u00e9 inform\u00e9 par le pr\u00e9sident Embalo de la volont\u00e9 de la Communaut\u00e9 Economique des Etats de l&#8217;Afrique de l&#8217;Ouest (CEDEAO) de b\u00e2tir une force luttant contre le terrorisme dans les diff\u00e9rents membres.<\/p>\n<p>Saluant l\u2019initiative, Macron estime que \u00ab c\u2019est un instrument extr\u00eamement efficace pour lutter contre les d\u00e9stabilisations qu\u2019on a vues fl\u00e9chir dans la r\u00e9gion o\u00f9 des groupes militaires ont exploit\u00e9, parfois, l\u2019affaiblissement de l\u2019Etat pour prendre le pouvoir. Voil\u00e0 ce qui est attendu de la C\u00e9d\u00e9ao\u00bb.<\/p>\n<p>Il rassure, en outre, que \u00ab la France continuera son r\u00f4le dans la r\u00e9gion au service d\u2019Etat souverains l\u00e9gitimes. Car nous consid\u00e9rons que notre r\u00f4le est d\u2019aider \u00e0 r\u00e9ussir cette bataille contre le terrorisme et \u00e0 permettre le d\u00e9veloppement stable et la formation de la jeunesse dans cette partie du continent africain\u2019\u00bb.<\/p>\n<p>Enfin, Embal\u00f3 annonce une mission bient\u00f4t \u00e0 Bamako qui sera conduite par son ministre des Affaires \u00e9trang\u00e8res pour rencontrer la junte suivi de sa visite au Mali. L&#8217;objectif vise dit-il \u00e0 discuter avec \u00ab nos fr\u00e8res maliens et je pense qu&#8217;on va arriver \u00e0 un accord car c&#8217;est tr\u00e8s important qu&#8217;on finisse avec la transition au Mali, au Burkina et en Guin\u00e9e Conakry \u00bb.<\/p>\n<p>Le Pr\u00e9sident fran\u00e7ais a entam\u00e9, depuis lundi soir au Cameroun, une tourn\u00e9e africaine de quatre jours. Apr\u00e8s sa visite \u00e0 Yaound\u00e9, il s&#8217;est rendu au B\u00e9nin et en Guin\u00e9e-Bissau.<\/p>\n<p>https:\/\/www.aa.com.tr\/fr\/afrique\/la-c\u00e9d\u00e9ao-annonce-un-projet-de-force-anti-putsch-dans-la-r\u00e9gion-ouest-africaine\/2647998<\/p>\n","protected":false},"excerpt":{"rendered":"<p>Le Pr\u00e9sident en exercice de la Communaut\u00e9 \u00e9conomique des Etats de l&#8217;Afrique de l&#8217;ouest (C\u00e9d\u00e9ao), Umaro Mokhtar Sissoco Embal\u00f3 Pr\u00e9sident de la Guin\u00e9e Bissau, a annonc\u00e9, jeudi, la cr\u00e9ation bient\u00f4t d&#8217;une force anti-putsch. Umaro Mokhtar Sissoco Embal\u00f3 s&#8217;exprimait en conf\u00e9rence de presse conjointe avec son homologue fran\u00e7ais, Emmanuel Macron en visite dans le pays. \u00ab &hellip;<\/p>\n","protected":false},"author":2,"featured_media":1289,"comment_status":"open","ping_status":"open","sticky":false,"template":"","format":"standard","meta":{"footnotes":""},"categories":[29,28],"tags":[],"class_list":["post-1317","post","type-post","status-publish","format-standard","has-post-thumbnail","hentry","category-monde","category-sahel"],"_links":{"self":[{"href":"https:\/\/ladepeche.mr\/index.php?rest_route=\/wp\/v2\/posts\/1317","targetHints":{"allow":["GET"]}}],"collection":[{"href":"https:\/\/ladepeche.mr\/index.php?rest_route=\/wp\/v2\/posts"}],"about":[{"href":"https:\/\/ladepeche.mr\/index.php?rest_route=\/wp\/v2\/types\/post"}],"author":[{"embeddable":true,"href":"https:\/\/ladepeche.mr\/index.php?rest_route=\/wp\/v2\/users\/2"}],"replies":[{"embeddable":true,"href":"https:\/\/ladepeche.mr\/index.php?rest_route=%2Fwp%2Fv2%2Fcomments&post=1317"}],"version-history":[{"count":1,"href":"https:\/\/ladepeche.mr\/index.php?rest_route=\/wp\/v2\/posts\/1317\/revisions"}],"predecessor-version":[{"id":1318,"href":"https:\/\/ladepeche.mr\/index.php?rest_route=\/wp\/v2\/posts\/1317\/revisions\/1318"}],"wp:featuredmedia":[{"embeddable":true,"href":"https:\/\/ladepeche.mr\/index.php?rest_route=\/wp\/v2\/media\/1289"}],"wp:attachment":[{"href":"https:\/\/ladepeche.mr\/index.php?rest_route=%2Fwp%2Fv2%2Fmedia&parent=1317"}],"wp:term":[{"taxonomy":"category","embeddable":true,"href":"https:\/\/ladepeche.mr\/index.php?rest_route=%2Fwp%2Fv2%2Fcategories&post=1317"},{"taxonomy":"post_tag","embeddable":true,"href":"https:\/\/ladepeche.mr\/index.php?rest_route=%2Fwp%2Fv2%2Ftags&post=1317"}],"curies":[{"name":"wp","href":"https:\/\/api.w.org\/{rel}","templated":true}]}}