{"id":13174,"date":"2025-01-02T12:25:36","date_gmt":"2025-01-02T12:25:36","guid":{"rendered":"https:\/\/ladepeche.mr\/?p=13174"},"modified":"2025-01-02T12:26:44","modified_gmt":"2025-01-02T12:26:44","slug":"la-crise-climatique-est-aussi-une-crise-inflationniste-par-monica-araya-et-saliem-fakir","status":"publish","type":"post","link":"https:\/\/ladepeche.mr\/?p=13174","title":{"rendered":"La crise climatique est aussi une crise inflationniste\u00a0 \u00a0 \u00a0 \u00a0 \u00a0 \u00a0"},"content":{"rendered":"<p>OSLO\/CAPE TOWN \u2013 Ces derni\u00e8res ann\u00e9es, l&#8217;inflation mondiale a pouss\u00e9 les prix des denr\u00e9es alimentaires, de l&#8217;\u00e9nergie et des produits de base \u00e0 des niveaux sans pr\u00e9c\u00e9dent. En cons\u00e9quence, l&#8217;augmentation du co\u00fbt de la vie a domin\u00e9 les d\u00e9bats politiques dans le monde entier, mais surtout dans les pays du G20. Avant l&#8217;\u00e9lection pr\u00e9sidentielle de cette ann\u00e9e aux \u00c9tats-Unis, par exemple, <a href=\"https:\/\/www.bankrate.com\/personal-finance\/2024-election-and-the-economy-survey\/\">41 % <\/a>des Am\u00e9ricains ont cit\u00e9 l&#8217;inflation comme leur principal probl\u00e8me \u00e9conomique.<\/p>\n<p><strong>\u00a0<\/strong><\/p>\n<p>La forte inflation risque d&#8217;\u00e9clipser une autre crise urgente : le r\u00e9chauffement climatique. Pourtant, la hausse des prix et le changement climatique sont \u00e9troitement li\u00e9s. Les conditions m\u00e9t\u00e9orologiques extr\u00eames endommagent les cultures, g\u00e2chent les r\u00e9coltes et font grimper les prix des denr\u00e9es alimentaires, et leur impact s&#8217;accentue \u00e0 mesure que les vagues de chaleur, les s\u00e9cheresses et les inondations deviennent plus fr\u00e9quentes et plus intenses. Ces \u00e9v\u00e9nements perturbent \u00e9galement les cha\u00eenes d&#8217;approvisionnement et la production d&#8217;\u00e9nergie, faisant grimper le prix d&#8217;autres biens essentiels.<\/p>\n<p>&nbsp;<\/p>\n<p>Les pressions inflationnistes induites par le climat sont particuli\u00e8rement aigu\u00ebs en Afrique et en Am\u00e9rique latine, o\u00f9 l&#8217;alimentation repr\u00e9sente une part importante des d\u00e9penses des m\u00e9nages. Par exemple, une grande s\u00e9cheresse exacerb\u00e9e par El Ni\u00f1o <a href=\"https:\/\/www.wfp.org\/publications\/hunger-hotspots-fao-wfp-early-warnings-acute-food-insecurity\">a fait grimper le prix des denr\u00e9es de base <\/a>au Malawi, au Mozambique, en Zambie et au Zimbabwe au d\u00e9but de cette ann\u00e9e, ce qui a provoqu\u00e9 une crise de la faim. En revanche, les m\u00e9nages des pays plus riches ont tendance \u00e0 <a href=\"https:\/\/ourworldindata.org\/grapher\/food-expenditure-share-gdp\">consacrer une part moins importante <\/a>de leurs revenus \u00e0 l&#8217;alimentation et sont donc mieux prot\u00e9g\u00e9s.<\/p>\n<p><strong>\u00a0<\/strong><\/p>\n<p>Les discussions sur le changement climatique n\u00e9gligent souvent les cons\u00e9quences \u00e9conomiques de ce ph\u00e9nom\u00e8ne sur les populations vuln\u00e9rables et la fa\u00e7on dont il aggrave les in\u00e9galit\u00e9s, en se concentrant plut\u00f4t sur la croissance verte et les r\u00e9ductions d&#8217;\u00e9missions. Mais l&#8217;inflation perturbant de plus en plus la stabilit\u00e9 \u00e9conomique, ce bilan ne peut plus \u00eatre ignor\u00e9. Les changements climatiques ont <a href=\"https:\/\/www.ft.com\/content\/125e89c0-308a-492f-ae8e-6834847d1186\">fait grimper <\/a>les prix des oranges au Br\u00e9sil, du cacao en Afrique de l&#8217;Ouest et du caf\u00e9 au Vi\u00eat Nam. Une <a href=\"https:\/\/www.pik-potsdam.de\/en\/news\/latest-news\/climate-change-risk-to-price-stability-higher-average-temperatures-increase-inflation-1\">\u00e9tude <\/a>r\u00e9cente de l&#8217;Institut de Potsdam pour la recherche sur l&#8217;impact du climat et de la Banque centrale europ\u00e9enne estime que la hausse des temp\u00e9ratures pourrait entra\u00eener une augmentation de l&#8217;inflation alimentaire de 3,2 points de pourcentage par an, l&#8217;inflation globale augmentant de 1,18 point de pourcentage par an d&#8217;ici \u00e0 2035.<\/p>\n<p>&nbsp;<\/p>\n<p>Plut\u00f4t que d&#8217;\u00eatre trait\u00e9 uniquement comme une question environnementale, le changement climatique doit \u00eatre au c\u0153ur de la politique \u00e9conomique. Les autorit\u00e9s fiscales et mon\u00e9taires devraient int\u00e9grer les risques climatiques imm\u00e9diats et \u00e0 long terme dans leurs pr\u00e9visions et politiques d&#8217;inflation, comme elles le font d\u00e9j\u00e0 pour les &#8220;risques de transition&#8221; li\u00e9s au passage \u00e0 une \u00e9conomie \u00e0 faible \u00e9mission de carbone. Certaines institutions ont commenc\u00e9 \u00e0 s&#8217;adapter. La Banque de r\u00e9serve sud-africaine a <a href=\"https:\/\/www.resbank.co.za\/content\/dam\/sarb\/what-we-do\/prudential-regulation\/climate-related-risk\/2024\/PA%20Climate%20Risk%20Practices%20Observation%20Report.pdf\">reconnu l<\/a>&#8216;importance de comprendre les risques climatiques. Depuis 2018, la Banque centrale du Costa Rica a <a href=\"https:\/\/www.bccr.fi.cr\/CambioClimatico\/creaci%C3%B3n-del-gaecc\">int\u00e9gr\u00e9 l<\/a>&#8216;impact du r\u00e9chauffement climatique dans ses mod\u00e8les \u00e9conomiques.<\/p>\n<p><strong>\u00a0<\/strong><\/p>\n<p>Les banques centrales et les minist\u00e8res des finances devraient \u00e9galement travailler avec les organisations climatiques pour cr\u00e9er des solutions pratiques qui aident \u00e0 amortir les \u00e9conomies des chocs interd\u00e9pendants des conditions m\u00e9t\u00e9orologiques extr\u00eames, de l&#8217;inflation galopante et de l&#8217;ins\u00e9curit\u00e9 alimentaire. Par exemple, l&#8217;African Climate Foundation (o\u00f9 travaille l&#8217;un d&#8217;entre nous) a d\u00e9velopp\u00e9 des <a href=\"https:\/\/www.ifpri.org\/blog\/climate-risk-resilience-financing-adaptation-african-countries\/\">plateformes d&#8217;investissement dans l&#8217;adaptation et la r\u00e9silience <\/a>(ARIP), qui utilisent des analyses avanc\u00e9es combinant des donn\u00e9es climatiques et m\u00e9t\u00e9orologiques, des mod\u00e8les biophysiques et des mod\u00e8les \u00e0 l&#8217;\u00e9chelle de l&#8217;\u00e9conomie pour faciliter l&#8217;investissement et la hi\u00e9rarchisation des politiques &#8211; une approche plus compl\u00e8te pour renforcer la r\u00e9silience.<\/p>\n<p>&nbsp;<\/p>\n<p>Le FAC a utilis\u00e9 un ARIP au Malawi l&#8217;ann\u00e9e derni\u00e8re, apr\u00e8s que le pays ait \u00e9t\u00e9 d\u00e9vast\u00e9 par le <a href=\"https:\/\/wmo.int\/news\/media-centre\/tropical-cyclone-freddy-longest-tropical-cyclone-record-36-days-wmo\">cyclone cyclone tropical le plus long <\/a>Freddy, le jamais enregistr\u00e9. L&#8217;utilisation de cet outil financier a permis aux d\u00e9cideurs politiques de d&#8217;identifier des solutions durables pour att\u00e9nuer les dommages \u00e9conomiques caus\u00e9s par le cyclone tout en prot\u00e9geant les industries cl\u00e9s et en renfor\u00e7ant la stabilit\u00e9 financi\u00e8re.<\/p>\n<p>&nbsp;<\/p>\n<p>D&#8217;autres groupes de r\u00e9flexion sur le climat poursuivent des objectifs similaires. L&#8217;Iniciativa Clim\u00e1tica de M\u00e9xico pousse les d\u00e9cideurs politiques \u00e0 prendre en compte les risques climatiques dans la planification \u00e9conomique, tandis que l&#8217;Institut pour le climat et la soci\u00e9t\u00e9 au Br\u00e9sil a appel\u00e9 \u00e0 des plans de protection sociale et \u00e0 des politiques sensibles au climat pour prot\u00e9ger les communaut\u00e9s \u00e0 faibles revenus des cons\u00e9quences \u00e9conomiques des conditions m\u00e9t\u00e9orologiques extr\u00eames.<\/p>\n<p><strong>\u00a0<\/strong><\/p>\n<p>La collaboration r\u00e9gionale est tout aussi importante, car elle permettrait aux pays d&#8217;Afrique et d&#8217;Am\u00e9rique latine d&#8217;\u00e9laborer et de partager des politiques \u00e9conomiques sp\u00e9cifiquement adapt\u00e9es \u00e0 leurs vuln\u00e9rabilit\u00e9s climatiques et de soutenir les communaut\u00e9s les plus expos\u00e9es. Des initiatives telles que la plateforme r\u00e9gionale des minist\u00e8res de l&#8217;\u00e9conomie et des finances sur le changement climatique de la Banque interam\u00e9ricaine de d\u00e9veloppement peuvent servir de mod\u00e8le pour de tels efforts.<\/p>\n<p>&nbsp;<\/p>\n<p>Au niveau mondial, il est essentiel de renforcer la coordination entre les institutions climatiques et \u00e9conomiques. Des outils tels que le m\u00e9canisme d&#8217;ajustement aux fronti\u00e8res pour le carbone de l&#8217;Union europ\u00e9enne soulignent la n\u00e9cessit\u00e9 d&#8217;une conception minutieuse des politiques afin d&#8217;att\u00e9nuer les effets n\u00e9gatifs &#8211; dans ce cas, des co\u00fbts plus \u00e9lev\u00e9s pour les consommateurs des pays en d\u00e9veloppement. Le Br\u00e9sil, qui accueillera l&#8217;ann\u00e9e prochaine le sommet des BRICS et la conf\u00e9rence des Nations unies sur le changement climatique (COP30), et l&#8217;Afrique du Sud, qui pr\u00e9side actuellement le G20, ont une occasion unique de red\u00e9finir l&#8217;agenda \u00e9conomique mondial, en d\u00e9fendant des politiques qui s&#8217;attaquent \u00e0 la double crise de l&#8217;inflation et du r\u00e9chauffement climatique.<\/p>\n<p><strong>\u00a0<\/strong><\/p>\n<p>L&#8217;absence d&#8217;action collective et d\u00e9cisive pourrait aggraver les in\u00e9galit\u00e9s, \u00e9roder la stabilit\u00e9 \u00e9conomique et mettre en p\u00e9ril les objectifs climatiques. Mais si les d\u00e9cideurs politiques d\u00e9veloppent des solutions innovantes qui comblent le foss\u00e9 entre les strat\u00e9gies climatiques et \u00e9conomiques, ils peuvent r\u00e9duire les risques imm\u00e9diats de conditions m\u00e9t\u00e9orologiques extr\u00eames et favoriser la stabilit\u00e9 et la r\u00e9silience \u00e0 long terme. Alors que l&#8217;inflation et la plan\u00e8te se r\u00e9chauffent, le besoin de politiques int\u00e9gr\u00e9es et \u00e9quitables n&#8217;a jamais \u00e9t\u00e9 aussi urgent.<\/p>\n<p><strong>Par M\u00f3nica Araya et Saliem Fakir<\/strong><\/p>\n<p>&nbsp;<\/p>\n<p><em>M\u00f3nica Araya, Distinguished Fellow chez ClimateWorks, est directrice du conseil d&#8217;administration du Natural Resource Governance Institute. <\/em><\/p>\n<p><em>Saliem Fakir est fondateur et directeur ex\u00e9cutif de l&#8217;African Climate Foundation.<\/em><\/p>\n<p><em>\u00a0<\/em><\/p>\n<p><strong>Copyright : Project Syndicate, 2024.<br \/>\n<a href=\"http:\/\/www.project-syndicate.org\">www.project-syndicate.org<\/a><\/strong><\/p>\n","protected":false},"excerpt":{"rendered":"<p>OSLO\/CAPE TOWN \u2013 Ces derni\u00e8res ann\u00e9es, l&#8217;inflation mondiale a pouss\u00e9 les prix des denr\u00e9es alimentaires, de l&#8217;\u00e9nergie et des produits de base \u00e0 des niveaux sans pr\u00e9c\u00e9dent. En cons\u00e9quence, l&#8217;augmentation du co\u00fbt de la vie a domin\u00e9 les d\u00e9bats politiques dans le monde entier, mais surtout dans les pays du G20. Avant l&#8217;\u00e9lection pr\u00e9sidentielle de &hellip;<\/p>\n","protected":false},"author":2,"featured_media":13175,"comment_status":"open","ping_status":"open","sticky":false,"template":"","format":"standard","meta":{"footnotes":""},"categories":[18,21,19],"tags":[],"class_list":["post-13174","post","type-post","status-publish","format-standard","has-post-thumbnail","hentry","category-actualites","category-fluctuations","category-tribune"],"_links":{"self":[{"href":"https:\/\/ladepeche.mr\/index.php?rest_route=\/wp\/v2\/posts\/13174","targetHints":{"allow":["GET"]}}],"collection":[{"href":"https:\/\/ladepeche.mr\/index.php?rest_route=\/wp\/v2\/posts"}],"about":[{"href":"https:\/\/ladepeche.mr\/index.php?rest_route=\/wp\/v2\/types\/post"}],"author":[{"embeddable":true,"href":"https:\/\/ladepeche.mr\/index.php?rest_route=\/wp\/v2\/users\/2"}],"replies":[{"embeddable":true,"href":"https:\/\/ladepeche.mr\/index.php?rest_route=%2Fwp%2Fv2%2Fcomments&post=13174"}],"version-history":[{"count":2,"href":"https:\/\/ladepeche.mr\/index.php?rest_route=\/wp\/v2\/posts\/13174\/revisions"}],"predecessor-version":[{"id":13177,"href":"https:\/\/ladepeche.mr\/index.php?rest_route=\/wp\/v2\/posts\/13174\/revisions\/13177"}],"wp:featuredmedia":[{"embeddable":true,"href":"https:\/\/ladepeche.mr\/index.php?rest_route=\/wp\/v2\/media\/13175"}],"wp:attachment":[{"href":"https:\/\/ladepeche.mr\/index.php?rest_route=%2Fwp%2Fv2%2Fmedia&parent=13174"}],"wp:term":[{"taxonomy":"category","embeddable":true,"href":"https:\/\/ladepeche.mr\/index.php?rest_route=%2Fwp%2Fv2%2Fcategories&post=13174"},{"taxonomy":"post_tag","embeddable":true,"href":"https:\/\/ladepeche.mr\/index.php?rest_route=%2Fwp%2Fv2%2Ftags&post=13174"}],"curies":[{"name":"wp","href":"https:\/\/api.w.org\/{rel}","templated":true}]}}