{"id":13178,"date":"2025-01-02T12:45:24","date_gmt":"2025-01-02T12:45:24","guid":{"rendered":"https:\/\/ladepeche.mr\/?p=13178"},"modified":"2025-01-02T12:33:40","modified_gmt":"2025-01-02T12:33:40","slug":"usa-10-morts-dans-un-attentat-terroriste-presume","status":"publish","type":"post","link":"https:\/\/ladepeche.mr\/?p=13178","title":{"rendered":"USA : 10 morts dans un &#8220;attentat terroriste&#8221; pr\u00e9sum\u00e9"},"content":{"rendered":"<p data-t=\"{&quot;n&quot;:&quot;blueLinks&quot;}\"><strong>La maire de la Nouvelle-Orl\u00e9ans, LaToya Cantrell, qualifie d&#8217;\u00ab attentat terroriste \u00bb l&#8217;incident qui a fait 10 morts et 30 bless\u00e9s le jour de l&#8217;An.<\/strong><\/p>\n<div class=\"article-image-slot image-slot-placeholder\" data-doc-id=\"cms\/api\/amp\/image\/AA1wOfYM\">\n<div class=\"article-image-slot\">\n<div class=\"article-image-container polished\" data-t=\"{&quot;n&quot;:&quot;OpenModal&quot;,&quot;t&quot;:13,&quot;b&quot;:8,&quot;c.i&quot;:&quot;AA1wOfYN&quot;,&quot;c.l&quot;:false,&quot;c.t&quot;:13,&quot;c.v&quot;:&quot;news&quot;,&quot;c.c&quot;:&quot;others&quot;,&quot;c.b&quot;:&quot;Euronews fran\u00e7ais&quot;,&quot;c.bi&quot;:&quot;AA2qy7x&quot;,&quot;c.tv&quot;:&quot;public-safety-and-emergencies&quot;,&quot;c.tc&quot;:&quot;health-and-safety-alerts&quot;,&quot;c.hl&quot;:&quot;USA : 10 morts dans un \\&quot;attentat terroriste\\&quot; pr\u00e9sum\u00e9&quot;}\" data-test-id=\"AA1wOfYM\">\n<p data-t=\"{&quot;n&quot;:&quot;blueLinks&quot;}\"><strong>La maire de la Nouvelle-Orl\u00e9ans, LaToya Cantrell, qualifie d&#8217;\u00ab attentat terroriste \u00bb l&#8217;incident qui a fait 10 morts et 30 bless\u00e9s le jour de l&#8217;An.<\/strong><\/p>\n<p data-t=\"{&quot;n&quot;:&quot;blueLinks&quot;}\">Le FBI enqu\u00eate sur ce qui s&#8217;est pass\u00e9 t\u00f4t mercredi, lorsqu&#8217;un v\u00e9hicule a fonc\u00e9 dans la foule sur les c\u00e9l\u00e8bres Canal et Bourbon Street de la Nouvelle-Orl\u00e9ans, dans les premi\u00e8res heures du jour de l&#8217;An.<\/p>\n<p data-t=\"{&quot;n&quot;:&quot;blueLinks&quot;}\">Plus t\u00f4t, le d\u00e9partement de la police de la Nouvelle-Orl\u00e9ans a d\u00e9clar\u00e9 qu&#8217;il r\u00e9pondait \u00e0 un incident impliquant un grand nombre de victimes mercredi, dont certaines sont d\u00e9c\u00e9d\u00e9es.<\/p>\n<p class=\"continue-read-break\" data-t=\"{&quot;n&quot;:&quot;blueLinks&quot;}\">La campagne de pr\u00e9paration aux situations d&#8217;urgence de la ville de la Nouvelle-Orl\u00e9ans, NOLA Ready, a conseill\u00e9 \u00e0 la population de rester \u00e0 l&#8217;\u00e9cart de la zone.<\/p>\n<p data-t=\"{&quot;n&quot;:&quot;blueLinks&quot;}\">L&#8217;incident s&#8217;est produit \u00e0 3h15 du matin, vers la fin des c\u00e9l\u00e9brations du Nouvel An \u00e0 la Nouvelle-Orl\u00e9ans et quelques heures avant le coup d&#8217;envoi du Sugar Bowl, un quart de finale de football universitaire organis\u00e9 dans le Superdome de la ville, auquel des milliers de personnes devraient assister.<\/p>\n<p data-t=\"{&quot;n&quot;:&quot;blueLinks&quot;}\">En d\u00e9but de semaine, le d\u00e9partement de la police a d\u00e9clar\u00e9 que la s\u00e9curit\u00e9 serait renforc\u00e9e avant les c\u00e9l\u00e9brations du jour de l&#8217;An.<\/p>\n<p data-t=\"{&quot;n&quot;:&quot;blueLinks&quot;}\">Le d\u00e9partement a d\u00e9clar\u00e9 qu&#8217;il serait dot\u00e9 d&#8217;un effectif de 100 %, avec 300 officiers des agences partenaires et une forte pr\u00e9sence de v\u00e9hicules marqu\u00e9s et non marqu\u00e9s.<\/p>\n<p data-t=\"{&quot;n&quot;:&quot;blueLinks&quot;}\"><a href=\"https:\/\/www.msn.com\/fr-xl\/s%C3%A9curit%C3%A9-publique-et-urgences\/alertes-sant%C3%A9-et-s%C3%A9curit%C3%A9\/usa-10-morts-dans-un-attentat-terroriste-pr%C3%A9sum%C3%A9\/ar-AA1wOfYN?ocid=msedgdhp&amp;pc=U531&amp;cvid=8e6b4b5d822946f7b19312515bad2719&amp;ei=25\">USA : 10 morts dans un &#8220;attentat terroriste&#8221; pr\u00e9sum\u00e9<\/a><\/p>\n<\/div>\n<\/div>\n<\/div>\n","protected":false},"excerpt":{"rendered":"<p>La maire de la Nouvelle-Orl\u00e9ans, LaToya Cantrell, qualifie d&#8217;\u00ab attentat terroriste \u00bb l&#8217;incident qui a fait 10 morts et 30 bless\u00e9s le jour de l&#8217;An. La maire de la Nouvelle-Orl\u00e9ans, LaToya Cantrell, qualifie d&#8217;\u00ab attentat terroriste \u00bb l&#8217;incident qui a fait 10 morts et 30 bless\u00e9s le jour de l&#8217;An. Le FBI enqu\u00eate sur ce &hellip;<\/p>\n","protected":false},"author":2,"featured_media":13179,"comment_status":"open","ping_status":"open","sticky":false,"template":"","format":"standard","meta":{"footnotes":""},"categories":[18,29],"tags":[],"class_list":["post-13178","post","type-post","status-publish","format-standard","has-post-thumbnail","hentry","category-actualites","category-monde"],"_links":{"self":[{"href":"https:\/\/ladepeche.mr\/index.php?rest_route=\/wp\/v2\/posts\/13178","targetHints":{"allow":["GET"]}}],"collection":[{"href":"https:\/\/ladepeche.mr\/index.php?rest_route=\/wp\/v2\/posts"}],"about":[{"href":"https:\/\/ladepeche.mr\/index.php?rest_route=\/wp\/v2\/types\/post"}],"author":[{"embeddable":true,"href":"https:\/\/ladepeche.mr\/index.php?rest_route=\/wp\/v2\/users\/2"}],"replies":[{"embeddable":true,"href":"https:\/\/ladepeche.mr\/index.php?rest_route=%2Fwp%2Fv2%2Fcomments&post=13178"}],"version-history":[{"count":1,"href":"https:\/\/ladepeche.mr\/index.php?rest_route=\/wp\/v2\/posts\/13178\/revisions"}],"predecessor-version":[{"id":13180,"href":"https:\/\/ladepeche.mr\/index.php?rest_route=\/wp\/v2\/posts\/13178\/revisions\/13180"}],"wp:featuredmedia":[{"embeddable":true,"href":"https:\/\/ladepeche.mr\/index.php?rest_route=\/wp\/v2\/media\/13179"}],"wp:attachment":[{"href":"https:\/\/ladepeche.mr\/index.php?rest_route=%2Fwp%2Fv2%2Fmedia&parent=13178"}],"wp:term":[{"taxonomy":"category","embeddable":true,"href":"https:\/\/ladepeche.mr\/index.php?rest_route=%2Fwp%2Fv2%2Fcategories&post=13178"},{"taxonomy":"post_tag","embeddable":true,"href":"https:\/\/ladepeche.mr\/index.php?rest_route=%2Fwp%2Fv2%2Ftags&post=13178"}],"curies":[{"name":"wp","href":"https:\/\/api.w.org\/{rel}","templated":true}]}}