{"id":13185,"date":"2025-01-02T21:48:29","date_gmt":"2025-01-02T21:48:29","guid":{"rendered":"https:\/\/ladepeche.mr\/?p=13185"},"modified":"2025-01-02T21:49:11","modified_gmt":"2025-01-02T21:49:11","slug":"augmentation-de-la-subvention-allouee-au-projet-de-construction-de-lhopital-roi-salman-ben-abdel-aziz-a-nouakchott","status":"publish","type":"post","link":"https:\/\/ladepeche.mr\/?p=13185","title":{"rendered":"Augmentation de la subvention pour la construction de l\u2019h\u00f4pital Roi Salman Ben Abdel Aziz \u00e0 Nouakchott"},"content":{"rendered":"<p>Le ministre de l&#8217;\u00c9conomie et des Finances signe une convention pour accro\u00eetre le financement du projet de l\u2019h\u00f4pital Roi Salman Ben Abdel Aziz<\/p>\n<p>Son Excellence le ministre de l&#8217;\u00c9conomie et des Finances, M. Sid&#8217;Ahmed Ould Bouh, a re\u00e7u, jeudi matin dans son bureau \u00e0 Nouakchott, une d\u00e9l\u00e9gation du Fonds saoudien de d\u00e9veloppement (FDS), comprenant M. Bandar Ben Abdallah Al-Obeid, directeur g\u00e9n\u00e9ral des op\u00e9rations dans les pays arabes au sein du Fonds, et M. Abdel Mohsen Ben Abdel Rahman Al-Moutlaq, directeur g\u00e9n\u00e9ral du d\u00e9partement juridique.<\/p>\n<p>Lors de la rencontre, une convention amend\u00e9e a \u00e9t\u00e9 sign\u00e9e visant \u00e0 augmenter la subvention allou\u00e9e au projet de construction de l\u2019h\u00f4pital Roi Salman Ben Abdel Aziz \u00e0 Nouakchott, d\u00e9sormais port\u00e9e \u00e0 70 millions de dollars am\u00e9ricains. Les discussions ont \u00e9galement port\u00e9 sur le plan d\u2019ex\u00e9cution du projet et la planification financi\u00e8re des deux premi\u00e8res phases.<\/p>\n<p>L\u2019appel d\u2019offres pour ce projet est pr\u00e9vu pour la fin janvier courant, tandis que la pose de la premi\u00e8re pierre est programm\u00e9e pour juin 2025. Les travaux, qui dureront 34 mois, devraient s\u2019achever en avril 2028.<\/p>\n<p>En marge de cette signature, les deux parties ont explor\u00e9 les perspectives de coop\u00e9ration entre la Mauritanie et le FDS, ainsi que les moyens de renforcer cette collaboration dans des secteurs cl\u00e9s tels que l\u2019agriculture, l&#8217;hydraulique, l\u2019\u00e9nergie et les infrastructures routi\u00e8res.<\/p>\n<p>La rencontre s\u2019est d\u00e9roul\u00e9e en pr\u00e9sence du directeur g\u00e9n\u00e9ral des financements et de la coop\u00e9ration \u00e9conomique, du directeur adjoint charg\u00e9 du suivi des projets, ainsi que du coordinateur du projet de l\u2019h\u00f4pital Roi Salman \u00e0 Nouakchott.<\/p>\n<p>MEF<\/p>\n","protected":false},"excerpt":{"rendered":"<p>Le ministre de l&#8217;\u00c9conomie et des Finances signe une convention pour accro\u00eetre le financement du projet de l\u2019h\u00f4pital Roi Salman Ben Abdel Aziz Son Excellence le ministre de l&#8217;\u00c9conomie et des Finances, M. Sid&#8217;Ahmed Ould Bouh, a re\u00e7u, jeudi matin dans son bureau \u00e0 Nouakchott, une d\u00e9l\u00e9gation du Fonds saoudien de d\u00e9veloppement (FDS), comprenant M. &hellip;<\/p>\n","protected":false},"author":2,"featured_media":13182,"comment_status":"open","ping_status":"open","sticky":false,"template":"","format":"standard","meta":{"footnotes":""},"categories":[18,2],"tags":[],"class_list":["post-13185","post","type-post","status-publish","format-standard","has-post-thumbnail","hentry","category-actualites","category-economie"],"_links":{"self":[{"href":"https:\/\/ladepeche.mr\/index.php?rest_route=\/wp\/v2\/posts\/13185","targetHints":{"allow":["GET"]}}],"collection":[{"href":"https:\/\/ladepeche.mr\/index.php?rest_route=\/wp\/v2\/posts"}],"about":[{"href":"https:\/\/ladepeche.mr\/index.php?rest_route=\/wp\/v2\/types\/post"}],"author":[{"embeddable":true,"href":"https:\/\/ladepeche.mr\/index.php?rest_route=\/wp\/v2\/users\/2"}],"replies":[{"embeddable":true,"href":"https:\/\/ladepeche.mr\/index.php?rest_route=%2Fwp%2Fv2%2Fcomments&post=13185"}],"version-history":[{"count":2,"href":"https:\/\/ladepeche.mr\/index.php?rest_route=\/wp\/v2\/posts\/13185\/revisions"}],"predecessor-version":[{"id":13187,"href":"https:\/\/ladepeche.mr\/index.php?rest_route=\/wp\/v2\/posts\/13185\/revisions\/13187"}],"wp:featuredmedia":[{"embeddable":true,"href":"https:\/\/ladepeche.mr\/index.php?rest_route=\/wp\/v2\/media\/13182"}],"wp:attachment":[{"href":"https:\/\/ladepeche.mr\/index.php?rest_route=%2Fwp%2Fv2%2Fmedia&parent=13185"}],"wp:term":[{"taxonomy":"category","embeddable":true,"href":"https:\/\/ladepeche.mr\/index.php?rest_route=%2Fwp%2Fv2%2Fcategories&post=13185"},{"taxonomy":"post_tag","embeddable":true,"href":"https:\/\/ladepeche.mr\/index.php?rest_route=%2Fwp%2Fv2%2Ftags&post=13185"}],"curies":[{"name":"wp","href":"https:\/\/api.w.org\/{rel}","templated":true}]}}