{"id":13197,"date":"2025-01-03T22:14:00","date_gmt":"2025-01-03T22:14:00","guid":{"rendered":"https:\/\/ladepeche.mr\/?p=13197"},"modified":"2025-01-03T22:14:51","modified_gmt":"2025-01-03T22:14:51","slug":"ajay-banga-bm-remercie-le-president-ghazouani-pour-son-soutien-en-faveur-de-lida","status":"publish","type":"post","link":"https:\/\/ladepeche.mr\/?p=13197","title":{"rendered":"Ajay Banga (BM) remercie  le pr\u00e9sident Ghazouani pour son plaidoyer en faveur de l&#8217;IDA"},"content":{"rendered":"<p>Son Excellence Monsieur Mohamed Ould Cheikh El Ghazouani, Pr\u00e9sident de la R\u00e9publique Islamique de Mauritanie et Pr\u00e9sident de l&#8217;Union africaine, a re\u00e7u une lettre de remerciements du Pr\u00e9sident du Groupe de la Banque mondiale, Monsieur Ajay Banga.<br \/>\nM. Banga a exprim\u00e9 dans ce message ses vifs remerciement au Pr\u00e9sident de la R\u00e9publique pour son leadership et son soutien \u00e0 l\u2019Association internationale de d\u00e9veloppement (IDA) lors de la 21\u1d49 reconstitution de ses ressources financi\u00e8res, destin\u00e9es principalement \u00e0 soutenir le d\u00e9veloppement des pays du continent africain.<br \/>\nLa lettre met en avant l\u2019importance du partenariat et du soutien de SEM. Mohamed El Ghazouani, en sa qualit\u00e9 de Pr\u00e9sident de l\u2019Union africaine, dont le r\u00f4le d\u00e9terminant a \u00e9t\u00e9 d\u00e9terminant durant ce processus.<\/p>\n<blockquote class=\"wp-embedded-content\" data-secret=\"TO5BQOC0cT\"><p><a href=\"https:\/\/ladepeche.mr\/?p=12451\">Afrique: Le plaidoyer de Ghazouani rapporte pour l\u2019IDA<\/a><\/p><\/blockquote>\n<p><iframe loading=\"lazy\" class=\"wp-embedded-content\" sandbox=\"allow-scripts\" security=\"restricted\" style=\"position: absolute; visibility: hidden;\" title=\"\u00ab\u00a0Afrique: Le plaidoyer de Ghazouani rapporte pour l\u2019IDA\u00a0\u00bb &#8212; La D\u00e9p\u00eache  de Mauritanie et du Sahel\" src=\"https:\/\/ladepeche.mr\/?p=12451&#038;embed=true#?secret=2cGnWM3fcH#?secret=TO5BQOC0cT\" data-secret=\"TO5BQOC0cT\" width=\"500\" height=\"282\" frameborder=\"0\" marginwidth=\"0\" marginheight=\"0\" scrolling=\"no\"><\/iframe><\/p>\n<p>Il y est indiqu\u00e9 notamment que gr\u00e2ce \u00e0 ces efforts, un financement global de 100 milliards de dollars a pu \u00eatre mobilis\u00e9, repr\u00e9sentant une r\u00e9alisation historique pour l\u2019Association internationale de d\u00e9veloppement (IDA).<br \/>\nDans son courrier, le Pr\u00e9sident du Groupe de la Banque mondiale pr\u00e9cise que ce soutien permettra de poursuivre des investissements essentiels dans des domaines cl\u00e9s tels que la sant\u00e9, l\u2019\u00e9ducation, les infrastructures, la r\u00e9silience face au changement climatique, la cr\u00e9ation d\u2019emplois et la stabilit\u00e9 \u00e9conomique.<br \/>\nMonsieur Ajay Banga a r\u00e9it\u00e9r\u00e9 ses remerciements les plus profonds au Pr\u00e9sident de la R\u00e9publique pour son leadership et la confiance t\u00e9moign\u00e9e tout au long de ce processus. Il a salu\u00e9 \u00e9galement les efforts constants de Son Excellence, Pr\u00e9sident de l\u2019Union africaine, en mati\u00e8re de plaidoyer, de mobilisation du soutien international et de participation active aux forums internationaux sp\u00e9cialis\u00e9s, ayant contribu\u00e9 de mani\u00e8re d\u00e9cisive \u00e0 l\u2019atteinte des objectifs fix\u00e9s.<\/p>\n","protected":false},"excerpt":{"rendered":"<p>Son Excellence Monsieur Mohamed Ould Cheikh El Ghazouani, Pr\u00e9sident de la R\u00e9publique Islamique de Mauritanie et Pr\u00e9sident de l&#8217;Union africaine, a re\u00e7u une lettre de remerciements du Pr\u00e9sident du Groupe de la Banque mondiale, Monsieur Ajay Banga. M. Banga a exprim\u00e9 dans ce message ses vifs remerciement au Pr\u00e9sident de la R\u00e9publique pour son leadership &hellip;<\/p>\n","protected":false},"author":2,"featured_media":13195,"comment_status":"open","ping_status":"open","sticky":false,"template":"","format":"standard","meta":{"footnotes":""},"categories":[18,2],"tags":[],"class_list":["post-13197","post","type-post","status-publish","format-standard","has-post-thumbnail","hentry","category-actualites","category-economie"],"_links":{"self":[{"href":"https:\/\/ladepeche.mr\/index.php?rest_route=\/wp\/v2\/posts\/13197","targetHints":{"allow":["GET"]}}],"collection":[{"href":"https:\/\/ladepeche.mr\/index.php?rest_route=\/wp\/v2\/posts"}],"about":[{"href":"https:\/\/ladepeche.mr\/index.php?rest_route=\/wp\/v2\/types\/post"}],"author":[{"embeddable":true,"href":"https:\/\/ladepeche.mr\/index.php?rest_route=\/wp\/v2\/users\/2"}],"replies":[{"embeddable":true,"href":"https:\/\/ladepeche.mr\/index.php?rest_route=%2Fwp%2Fv2%2Fcomments&post=13197"}],"version-history":[{"count":2,"href":"https:\/\/ladepeche.mr\/index.php?rest_route=\/wp\/v2\/posts\/13197\/revisions"}],"predecessor-version":[{"id":13199,"href":"https:\/\/ladepeche.mr\/index.php?rest_route=\/wp\/v2\/posts\/13197\/revisions\/13199"}],"wp:featuredmedia":[{"embeddable":true,"href":"https:\/\/ladepeche.mr\/index.php?rest_route=\/wp\/v2\/media\/13195"}],"wp:attachment":[{"href":"https:\/\/ladepeche.mr\/index.php?rest_route=%2Fwp%2Fv2%2Fmedia&parent=13197"}],"wp:term":[{"taxonomy":"category","embeddable":true,"href":"https:\/\/ladepeche.mr\/index.php?rest_route=%2Fwp%2Fv2%2Fcategories&post=13197"},{"taxonomy":"post_tag","embeddable":true,"href":"https:\/\/ladepeche.mr\/index.php?rest_route=%2Fwp%2Fv2%2Ftags&post=13197"}],"curies":[{"name":"wp","href":"https:\/\/api.w.org\/{rel}","templated":true}]}}