{"id":13207,"date":"2025-01-04T22:30:11","date_gmt":"2025-01-04T22:30:11","guid":{"rendered":"https:\/\/ladepeche.mr\/?p=13207"},"modified":"2025-01-04T22:19:50","modified_gmt":"2025-01-04T22:19:50","slug":"8e-congres-ordinaire-arprim-communique-de-presse","status":"publish","type":"post","link":"https:\/\/ladepeche.mr\/?p=13207","title":{"rendered":"8e Congr\u00e8s ordinaire ARPRIM- Communiqu\u00e9 de Presse"},"content":{"rendered":"<p class=\"yiv0737169660MsoNormal\"><span lang=\"fr-MR\">Les 28 et 29 d\u00e9cembre 2024, l&#8217;Association pour la Renaissance du Pulaar en R\u00e9publique Islamique de Mauritanie (ARPRIM) a tenu son huiti\u00e8me congr\u00e8s ordinaire \u00e0 Nouakchott, marquant cinquante ans d\u2019engagement en faveur de la promotion des langues nationales. Cet \u00e9v\u00e9nement a rassembl\u00e9 plus de 200 participants, parmi lesquels des d\u00e9l\u00e9gu\u00e9s repr\u00e9sentant 21 sections de l\u2019association, des officiels, des invit\u00e9s de marque, ainsi que des membres reconnus pour leur d\u00e9vouement \u00e0 cette cause.<\/span><\/p>\n<p class=\"yiv0737169660MsoNormal\"><span lang=\"fr-MR\">Le congr\u00e8s a \u00e9t\u00e9 structur\u00e9 autour de pr\u00e9sentations des rapports des sections, de r\u00e9flexions approfondies en commissions th\u00e9matiques, et de l\u2019\u00e9lection d\u2019un nouveau bureau national. Les travaux ont permis d\u2019\u00e9valuer les activit\u00e9s du bureau sortant, d\u2019adopter de nouvelles r\u00e9solutions strat\u00e9giques, et de tracer une feuille de route ambitieuse. Un nouveau bureau national a \u00e9t\u00e9 \u00e9lu \u00e0 l\u2019unanimit\u00e9 des voix pr\u00e9sentes.<\/span><\/p>\n<p class=\"yiv0737169660MsoNormal\"><span lang=\"fr-MR\">Parmi les r\u00e9solutions phares adopt\u00e9es lors du congr\u00e8s figurent :<\/span><\/p>\n<ol start=\"1\" type=\"1\">\n<li class=\"yiv0737169660MsoNormal\"><span lang=\"fr-MR\">La revendication de l\u2019officialisation des langues nationales pulaar, sonink\u00e9 et wolof, et leur utilisation dans tous les secteurs de la vie publique.<\/span><\/li>\n<li class=\"yiv0737169660MsoNormal\"><span lang=\"fr-MR\">L\u2019importance de proc\u00e9der une g\u00e9n\u00e9ralisation rapide de l\u2019enseignement en langues nationales.<\/span><\/li>\n<\/ol>\n<p class=\"yiv0737169660MsoNormal\"><span lang=\"fr-MR\">Ce huiti\u00e8me congr\u00e8s constitue une \u00e9tape d\u00e9cisive dans la promotion des langues nationales en Mauritanie. L\u2019ARPRIM appelle les autorit\u00e9s, les partenaires techniques et financiers, ainsi que la soci\u00e9t\u00e9 civile \u00e0 unir leurs efforts pour concr\u00e9tiser les aspirations exprim\u00e9es au cours de cet \u00e9v\u00e9nement.<\/span><\/p>\n<p class=\"yiv0737169660MsoNormal\"><span lang=\"fr-MR\"><br \/>\nNouakchott, le 29\/12\/2024<\/span><\/p>\n<p class=\"yiv0737169660MsoNormal\"><span lang=\"fr-MR\">La commission communication<\/span><\/p>\n","protected":false},"excerpt":{"rendered":"<p>Les 28 et 29 d\u00e9cembre 2024, l&#8217;Association pour la Renaissance du Pulaar en R\u00e9publique Islamique de Mauritanie (ARPRIM) a tenu son huiti\u00e8me congr\u00e8s ordinaire \u00e0 Nouakchott, marquant cinquante ans d\u2019engagement en faveur de la promotion des langues nationales. Cet \u00e9v\u00e9nement a rassembl\u00e9 plus de 200 participants, parmi lesquels des d\u00e9l\u00e9gu\u00e9s repr\u00e9sentant 21 sections de l\u2019association, &hellip;<\/p>\n","protected":false},"author":2,"featured_media":13208,"comment_status":"open","ping_status":"open","sticky":false,"template":"","format":"standard","meta":{"footnotes":""},"categories":[18,15],"tags":[],"class_list":["post-13207","post","type-post","status-publish","format-standard","has-post-thumbnail","hentry","category-actualites","category-culture"],"_links":{"self":[{"href":"https:\/\/ladepeche.mr\/index.php?rest_route=\/wp\/v2\/posts\/13207","targetHints":{"allow":["GET"]}}],"collection":[{"href":"https:\/\/ladepeche.mr\/index.php?rest_route=\/wp\/v2\/posts"}],"about":[{"href":"https:\/\/ladepeche.mr\/index.php?rest_route=\/wp\/v2\/types\/post"}],"author":[{"embeddable":true,"href":"https:\/\/ladepeche.mr\/index.php?rest_route=\/wp\/v2\/users\/2"}],"replies":[{"embeddable":true,"href":"https:\/\/ladepeche.mr\/index.php?rest_route=%2Fwp%2Fv2%2Fcomments&post=13207"}],"version-history":[{"count":1,"href":"https:\/\/ladepeche.mr\/index.php?rest_route=\/wp\/v2\/posts\/13207\/revisions"}],"predecessor-version":[{"id":13209,"href":"https:\/\/ladepeche.mr\/index.php?rest_route=\/wp\/v2\/posts\/13207\/revisions\/13209"}],"wp:featuredmedia":[{"embeddable":true,"href":"https:\/\/ladepeche.mr\/index.php?rest_route=\/wp\/v2\/media\/13208"}],"wp:attachment":[{"href":"https:\/\/ladepeche.mr\/index.php?rest_route=%2Fwp%2Fv2%2Fmedia&parent=13207"}],"wp:term":[{"taxonomy":"category","embeddable":true,"href":"https:\/\/ladepeche.mr\/index.php?rest_route=%2Fwp%2Fv2%2Fcategories&post=13207"},{"taxonomy":"post_tag","embeddable":true,"href":"https:\/\/ladepeche.mr\/index.php?rest_route=%2Fwp%2Fv2%2Ftags&post=13207"}],"curies":[{"name":"wp","href":"https:\/\/api.w.org\/{rel}","templated":true}]}}