{"id":13211,"date":"2025-01-05T10:39:57","date_gmt":"2025-01-05T10:39:57","guid":{"rendered":"https:\/\/ladepeche.mr\/?p=13211"},"modified":"2025-01-05T10:42:43","modified_gmt":"2025-01-05T10:42:43","slug":"justice-lancien-president-refuserait-detre-ausculte-par-des-medecins-commis","status":"publish","type":"post","link":"https:\/\/ladepeche.mr\/?p=13211","title":{"rendered":"Justice\u00a0: L\u2019ancien pr\u00e9sident refuserait d\u2019\u00eatre auscult\u00e9 par des m\u00e9decins commis"},"content":{"rendered":"<p>Selon des informations concordantes, l&#8217;ancien pr\u00e9sident Mohamed Ould Abdel Aziz aurait refus\u00e9, samedi soir, de se faire ausculter par quatre m\u00e9decins commis par la Justice pour un examen m\u00e9dical pourtant r\u00e9clam\u00e9 par la d\u00e9fense en raison de son \u00e9tat de sant\u00e9 qualifi\u00e9 de \u00ab fragile \u00bb.<\/p>\n<p>Les m\u00eames sources indiquent que l\u2019ancien pr\u00e9sident aurait refus\u00e9 l\u2019entrevue avec les m\u00e9decins arguant qu\u2019il s\u2019en tenait aux avis m\u00e9dicaux en sa possession depuis quelques temps d\u00e9j\u00e0.<\/p>\n<p>La d\u00e9fense du sieur Mohamed Ould Abdel Aziz avait soutenu devant la Cour d\u2019Appel du tribunal qu&#8217;il souffrait de nombreuses maladies sensibles et qui mettaient ses jours en danger pour exiger un arr\u00eat du proc\u00e8s et une expertise m\u00e9dicale \u00ab\u00a0s\u00e9rieuse\u00a0\u00bb.<\/p>\n<p>Concomitamment, rappelle-t-on, de ces exigences et du boycott par la d\u00e9fense des derni\u00e8res comparutions de l\u2019ancien pr\u00e9sident, la chambre criminelle de la cour d&#8217;appel de Nouakchott avait suspendu ses auditions pour deux semaines dans l\u2019\u00e9ventualit\u00e9 des examens m\u00e9dicaux r\u00e9clam\u00e9s.<\/p>\n","protected":false},"excerpt":{"rendered":"<p>Selon des informations concordantes, l&#8217;ancien pr\u00e9sident Mohamed Ould Abdel Aziz aurait refus\u00e9, samedi soir, de se faire ausculter par quatre m\u00e9decins commis par la Justice pour un examen m\u00e9dical pourtant r\u00e9clam\u00e9 par la d\u00e9fense en raison de son \u00e9tat de sant\u00e9 qualifi\u00e9 de \u00ab fragile \u00bb. Les m\u00eames sources indiquent que l\u2019ancien pr\u00e9sident aurait refus\u00e9 &hellip;<\/p>\n","protected":false},"author":2,"featured_media":4288,"comment_status":"open","ping_status":"open","sticky":false,"template":"","format":"standard","meta":{"footnotes":""},"categories":[18],"tags":[],"class_list":["post-13211","post","type-post","status-publish","format-standard","has-post-thumbnail","hentry","category-actualites"],"_links":{"self":[{"href":"https:\/\/ladepeche.mr\/index.php?rest_route=\/wp\/v2\/posts\/13211","targetHints":{"allow":["GET"]}}],"collection":[{"href":"https:\/\/ladepeche.mr\/index.php?rest_route=\/wp\/v2\/posts"}],"about":[{"href":"https:\/\/ladepeche.mr\/index.php?rest_route=\/wp\/v2\/types\/post"}],"author":[{"embeddable":true,"href":"https:\/\/ladepeche.mr\/index.php?rest_route=\/wp\/v2\/users\/2"}],"replies":[{"embeddable":true,"href":"https:\/\/ladepeche.mr\/index.php?rest_route=%2Fwp%2Fv2%2Fcomments&post=13211"}],"version-history":[{"count":4,"href":"https:\/\/ladepeche.mr\/index.php?rest_route=\/wp\/v2\/posts\/13211\/revisions"}],"predecessor-version":[{"id":13215,"href":"https:\/\/ladepeche.mr\/index.php?rest_route=\/wp\/v2\/posts\/13211\/revisions\/13215"}],"wp:featuredmedia":[{"embeddable":true,"href":"https:\/\/ladepeche.mr\/index.php?rest_route=\/wp\/v2\/media\/4288"}],"wp:attachment":[{"href":"https:\/\/ladepeche.mr\/index.php?rest_route=%2Fwp%2Fv2%2Fmedia&parent=13211"}],"wp:term":[{"taxonomy":"category","embeddable":true,"href":"https:\/\/ladepeche.mr\/index.php?rest_route=%2Fwp%2Fv2%2Fcategories&post=13211"},{"taxonomy":"post_tag","embeddable":true,"href":"https:\/\/ladepeche.mr\/index.php?rest_route=%2Fwp%2Fv2%2Ftags&post=13211"}],"curies":[{"name":"wp","href":"https:\/\/api.w.org\/{rel}","templated":true}]}}