{"id":13218,"date":"2025-01-05T13:48:46","date_gmt":"2025-01-05T13:48:46","guid":{"rendered":"https:\/\/ladepeche.mr\/?p=13218"},"modified":"2025-01-06T10:17:20","modified_gmt":"2025-01-06T10:17:20","slug":"13218","status":"publish","type":"post","link":"https:\/\/ladepeche.mr\/?p=13218","title":{"rendered":"Missions de haut niveau du gouvernement\u00a0: Quelle utilit\u00e9\u00a0?"},"content":{"rendered":"<p><strong>Missions \u00ab\u00a0inutiles\u00a0\u00bb ou qu\u00eate de proximit\u00e9 avec les citoyens, les avis sont partag\u00e9s sur leurs raisons profondes.<\/strong><\/p>\n<p>Le premier ministre a supervis\u00e9 vendredi, lors d\u2019une r\u00e9union sur les objectifs qui leur sont assign\u00e9s, le coup d\u2019envoi des missions minist\u00e9rielles de haut niveau charg\u00e9es \u00abde superviser l\u2019organisation des forums r\u00e9gionaux pour la planification participative du d\u00e9veloppement \u00bb. Les r\u00e9sultats de ces missions d\u00e9termineraient l\u2019identification des \u00abpriorit\u00e9s de d\u00e9veloppement pour les citoyens \u00bb. Autant dire que ces missions s\u2019engagent dans un rallye ; une course contre la montre pour sillonner toutes les r\u00e9gions du pays afin de dresser un bilan des attentes des citoyens. Seront-elles \u00e0 la hauteur de leur mission ?<\/p>\n<p><strong>Perte de temps et d\u2019argent!<\/strong><\/p>\n<p>D\u00e9j\u00e0, selon ses d\u00e9tracteurs, le gouvernement serait peu inspir\u00e9 en envoyant sur le terrain des missions qui supplanteraient les missions r\u00e9galiennes de l\u2019administration territoriale et qui pourraient m\u00eame susciter des frictions politiques. Pour les tenants de ce point de vue, le Gouvernement s\u2019enfonce de plus en plus dans la repr\u00e9sentation \u00ab folklorique \u00bb au d\u00e9triment de l\u2019action r\u00e9elle et salvatrice pour sortir le pays de l\u2019orni\u00e8re. Ce serait de cet avis, &#8220;une perte de temps et d&#8217;argent&#8221; lors du dernier mandat du pr\u00e9sident Ghazouani.<\/p>\n<p>La mani\u00e8re de proc\u00e9der pour atteindre l\u2019objectif annonc\u00e9 de ses missions de \u00ab\u00a0haut niveau\u00a0\u00bb alt\u00e9rerait m\u00eame l\u2019image des autres d\u00e9membrements et structures d\u00e9centralis\u00e9es (gouvernorats, conseils r\u00e9gionaux et mairies\u2026). Ces derniers ne seraient plus dignes de confiance pour g\u00e9rer cet aspect pr\u00e9paratoire et perdraient encore en cr\u00e9dibilit\u00e9 face aux populations qu\u2019ils c\u00f4toient tous les jours contrairement aux ministres dont les agendas politiques locaux risqueraient de d\u00e9phaser l\u2019objectif initial en s\u2019immis\u00e7ant dans les querelles politiciennes locales. De plus, les missions minist\u00e9rielles co\u00fbteraient ch\u00e8re pour le tr\u00e9sor public. \u00abDes sommes astronomiques\u00a0\u00bb seraient mobilis\u00e9es pour entretenir ces missions.<\/p>\n<p>De faux probl\u00e8mes, r\u00e9torque-t-on dans l\u2019autre camp. La r\u00e9alisation des forums r\u00e9pondrait d\u2019abord \u00e0 un engagement \u00e9lectoral du pr\u00e9sident Ghazouani qui, \u00e0 la faveur de ses d\u00e9placements de campagne, s\u2019est dit t\u00e9moin lui-m\u00eame des conditions difficiles des populations \u00e0 l\u2019int\u00e9rieur du pays.<\/p>\n<p><strong>Placement de la manne gazi\u00e8re\u00a0!<\/strong><\/p>\n<p>Le Gouvernement acc\u00e8derait donc \u00e0 un souci du pr\u00e9sident d\u2019identifier les obstacles et les freins de l\u2019\u00e9mancipation des r\u00e9gions. C\u2019est d\u2019ailleurs dans ce sens qu\u2019il aurait propos\u00e9 ces forums pour discuter, dans une approche participative de tous les segments de la soci\u00e9t\u00e9, des solutions idoines \u00e0 envisager. Le pr\u00e9sident Ghazouani y verrait un bon placement des ristournes gazi\u00e8res, selon certaines sources.<\/p>\n<p>Le premier Ministre, chef d\u2019orchestre, assure que la partition sera bien jou\u00e9e et que \u00ab\u00a0toutes ces demandes seront \u00e9tudi\u00e9es, class\u00e9es par ordre de priorit\u00e9 et que leur mise en \u0153uvre commencera imm\u00e9diatement par le biais de plans et de strat\u00e9gies sectoriels\u00a0\u00bb. Ould Djaye conjure toute fausse note\u00a0: \u00abces missions doivent \u00eatre l\u2019occasion de partager avec les citoyens des informations sur la situation g\u00e9n\u00e9rale du pays et d\u2019aborder les questions nationales les plus importantes\u00bb. Des rencontres qui s\u2019inscrivent dans une logique de campagne communicationnelle pour mettre en relief les premi\u00e8res r\u00e9alisations de son gouvernement dans le domaine social et la transparence. Des r\u00e9ponses que le Gouvernement croit faire taire ses d\u00e9tracteurs\u2026<\/p>\n<p>JD<\/p>\n","protected":false},"excerpt":{"rendered":"<p>Missions \u00ab\u00a0inutiles\u00a0\u00bb ou qu\u00eate de proximit\u00e9 avec les citoyens, les avis sont partag\u00e9s sur leurs raisons profondes. Le premier ministre a supervis\u00e9 vendredi, lors d\u2019une r\u00e9union sur les objectifs qui leur sont assign\u00e9s, le coup d\u2019envoi des missions minist\u00e9rielles de haut niveau charg\u00e9es \u00abde superviser l\u2019organisation des forums r\u00e9gionaux pour la planification participative du d\u00e9veloppement &hellip;<\/p>\n","protected":false},"author":2,"featured_media":11287,"comment_status":"open","ping_status":"open","sticky":false,"template":"","format":"standard","meta":{"footnotes":""},"categories":[18,2],"tags":[],"class_list":["post-13218","post","type-post","status-publish","format-standard","has-post-thumbnail","hentry","category-actualites","category-economie"],"_links":{"self":[{"href":"https:\/\/ladepeche.mr\/index.php?rest_route=\/wp\/v2\/posts\/13218","targetHints":{"allow":["GET"]}}],"collection":[{"href":"https:\/\/ladepeche.mr\/index.php?rest_route=\/wp\/v2\/posts"}],"about":[{"href":"https:\/\/ladepeche.mr\/index.php?rest_route=\/wp\/v2\/types\/post"}],"author":[{"embeddable":true,"href":"https:\/\/ladepeche.mr\/index.php?rest_route=\/wp\/v2\/users\/2"}],"replies":[{"embeddable":true,"href":"https:\/\/ladepeche.mr\/index.php?rest_route=%2Fwp%2Fv2%2Fcomments&post=13218"}],"version-history":[{"count":4,"href":"https:\/\/ladepeche.mr\/index.php?rest_route=\/wp\/v2\/posts\/13218\/revisions"}],"predecessor-version":[{"id":13248,"href":"https:\/\/ladepeche.mr\/index.php?rest_route=\/wp\/v2\/posts\/13218\/revisions\/13248"}],"wp:featuredmedia":[{"embeddable":true,"href":"https:\/\/ladepeche.mr\/index.php?rest_route=\/wp\/v2\/media\/11287"}],"wp:attachment":[{"href":"https:\/\/ladepeche.mr\/index.php?rest_route=%2Fwp%2Fv2%2Fmedia&parent=13218"}],"wp:term":[{"taxonomy":"category","embeddable":true,"href":"https:\/\/ladepeche.mr\/index.php?rest_route=%2Fwp%2Fv2%2Fcategories&post=13218"},{"taxonomy":"post_tag","embeddable":true,"href":"https:\/\/ladepeche.mr\/index.php?rest_route=%2Fwp%2Fv2%2Ftags&post=13218"}],"curies":[{"name":"wp","href":"https:\/\/api.w.org\/{rel}","templated":true}]}}