{"id":13227,"date":"2025-01-05T14:04:50","date_gmt":"2025-01-05T14:04:50","guid":{"rendered":"https:\/\/ladepeche.mr\/?p=13227"},"modified":"2025-01-05T14:06:02","modified_gmt":"2025-01-05T14:06:02","slug":"new-orleans-un-mauritanien-entendu-dans-laffaire-de-lattentat","status":"publish","type":"post","link":"https:\/\/ladepeche.mr\/?p=13227","title":{"rendered":"New Orl\u00e9ans\u00a0: Un mauritanien entendu par le FBI dans l\u2019affaire de l\u2019attentat"},"content":{"rendered":"<p>Un ressortissant mauritanien aurait \u00e9t\u00e9 entendu par Le FBI interroge dans le cadre de ses investigations sur l\u2019attentat de New Orl\u00e9ans qui a tu\u00e9 quatorze personnes.<\/p>\n<p>Selon les sources officieuses, le ressortissant mauritanien aurait \u00e9t\u00e9 questionn\u00e9 par le FBI sur ses \u00e9ventuelles relations avec le kamikaze. Ce dernier serait un ancien militaire am\u00e9ricain de 42\u00a0ans qui aurait pr\u00eat\u00e9 all\u00e9geance \u00e0 l\u2019OEI (Organisation de l\u2019Etat Islamique)<\/p>\n<p>Notons que dans ses conclusions, le FBI a finalement conclu que l\u2019auteur de l\u2019attentat aurait agi \u00ab\u00a0seul\u00a0\u00bb.<\/p>\n","protected":false},"excerpt":{"rendered":"<p>Un ressortissant mauritanien aurait \u00e9t\u00e9 entendu par Le FBI interroge dans le cadre de ses investigations sur l\u2019attentat de New Orl\u00e9ans qui a tu\u00e9 quatorze personnes. Selon les sources officieuses, le ressortissant mauritanien aurait \u00e9t\u00e9 questionn\u00e9 par le FBI sur ses \u00e9ventuelles relations avec le kamikaze. Ce dernier serait un ancien militaire am\u00e9ricain de 42\u00a0ans &hellip;<\/p>\n","protected":false},"author":2,"featured_media":13229,"comment_status":"open","ping_status":"open","sticky":false,"template":"","format":"standard","meta":{"footnotes":""},"categories":[18,29],"tags":[],"class_list":["post-13227","post","type-post","status-publish","format-standard","has-post-thumbnail","hentry","category-actualites","category-monde"],"_links":{"self":[{"href":"https:\/\/ladepeche.mr\/index.php?rest_route=\/wp\/v2\/posts\/13227","targetHints":{"allow":["GET"]}}],"collection":[{"href":"https:\/\/ladepeche.mr\/index.php?rest_route=\/wp\/v2\/posts"}],"about":[{"href":"https:\/\/ladepeche.mr\/index.php?rest_route=\/wp\/v2\/types\/post"}],"author":[{"embeddable":true,"href":"https:\/\/ladepeche.mr\/index.php?rest_route=\/wp\/v2\/users\/2"}],"replies":[{"embeddable":true,"href":"https:\/\/ladepeche.mr\/index.php?rest_route=%2Fwp%2Fv2%2Fcomments&post=13227"}],"version-history":[{"count":2,"href":"https:\/\/ladepeche.mr\/index.php?rest_route=\/wp\/v2\/posts\/13227\/revisions"}],"predecessor-version":[{"id":13230,"href":"https:\/\/ladepeche.mr\/index.php?rest_route=\/wp\/v2\/posts\/13227\/revisions\/13230"}],"wp:featuredmedia":[{"embeddable":true,"href":"https:\/\/ladepeche.mr\/index.php?rest_route=\/wp\/v2\/media\/13229"}],"wp:attachment":[{"href":"https:\/\/ladepeche.mr\/index.php?rest_route=%2Fwp%2Fv2%2Fmedia&parent=13227"}],"wp:term":[{"taxonomy":"category","embeddable":true,"href":"https:\/\/ladepeche.mr\/index.php?rest_route=%2Fwp%2Fv2%2Fcategories&post=13227"},{"taxonomy":"post_tag","embeddable":true,"href":"https:\/\/ladepeche.mr\/index.php?rest_route=%2Fwp%2Fv2%2Ftags&post=13227"}],"curies":[{"name":"wp","href":"https:\/\/api.w.org\/{rel}","templated":true}]}}