{"id":13240,"date":"2025-01-06T09:59:15","date_gmt":"2025-01-06T09:59:15","guid":{"rendered":"https:\/\/ladepeche.mr\/?p=13240"},"modified":"2025-01-06T11:53:07","modified_gmt":"2025-01-06T11:53:07","slug":"africa-race-parcours-2025-le-plus-dure-reste-a-faire-en-mauritanie","status":"publish","type":"post","link":"https:\/\/ladepeche.mr\/?p=13240","title":{"rendered":"Africa Race Parcours 2025\u00a0: Le plus dure reste \u00e0 faire en Mauritanie"},"content":{"rendered":"<p>Le rallye Africa Race 2025 inaugure ce lundi, 6 janvier 2025, son itin\u00e9raire le plus difficile en s\u2019engageant entre les dunes de sable en Mauritanie. Ce sera, sans doute, depuis le coup d\u2019envoi \u00e0 Monaco, le 28 d\u00e9cembre 2024, l\u2019\u00e9tape la plus d\u00e9cisive pour les concurrents engag\u00e9s sur le \u00abpire tron\u00e7on \u00bb, pr\u00e8s de la moiti\u00e9 du trac\u00e9 des 5900 kms pr\u00e9vus pour cette derni\u00e8re \u00e9dition.<\/p>\n<p>Les concurrents sont plus de 500 participants repr\u00e9sentant 27 pays, engag\u00e9s dans les diff\u00e9rentes cat\u00e9gories moto, auto, quad, camion et SSV (v\u00e9hicules utilitaires tout-terrain).Avec son relief accident\u00e9, ses routes et ses paysages escarp\u00e9s et sablonneux, la Mauritanie mesure, \u00e0 elle seule, les capacit\u00e9s d\u2019endurance et des hommes et des machines. En Mauritanie ce seront 4 \u00e9tapes (de la 6\u00e8me \u00e0\u00a0 la 10\u00e8m) pour pr\u00e8s de 2500 kms \u00e0 parcourir. \u00a0La 16<sup>\u00e8me<\/sup> \u00e9dition du Rallye \u00ab\u00a0Africa Eco Race\u00a0\u00bb avait pass\u00e9 sa derni\u00e8re \u00e9tape samedi apr\u00e8s-midi par le bivouac de Dakhla.<\/p>\n<p>Le Rallye Africa Race est aujourd\u2019hui une vieille histoire qui lie les continents. Le maintien de cette comp\u00e9tition internationale se veut surtout, au-del\u00e0 des exploits sportifs, un esprit de solidarit\u00e9 traversant le d\u00e9sert depuis 2009. A l\u2019origine de l\u2019exploit la volont\u00e9 des africains, soutenus par des hommes de la trempe de J.L Schlesser, Ren\u00e9 Metge\u00a0 ou encore Hubert Auriol. Il ne s\u2019agissait pas de remplacer le Dakar pour combler un vide mais plus, pour repartir sur de nouveaux rails. Le temps aura donn\u00e9 raison aux initiateurs. Pour la 16<sup>\u00e8me<\/sup> ann\u00e9e cons\u00e9cutive, l\u2019Africa Race va traverser, du 28 d\u00e9cembre au 12 janvier, trois pays africains \u00a0(Maroc, Mauritanie et S\u00e9n\u00e9gal).<\/p>\n<p>&nbsp;<\/p>\n","protected":false},"excerpt":{"rendered":"<p>Le rallye Africa Race 2025 inaugure ce lundi, 6 janvier 2025, son itin\u00e9raire le plus difficile en s\u2019engageant entre les dunes de sable en Mauritanie. Ce sera, sans doute, depuis le coup d\u2019envoi \u00e0 Monaco, le 28 d\u00e9cembre 2024, l\u2019\u00e9tape la plus d\u00e9cisive pour les concurrents engag\u00e9s sur le \u00abpire tron\u00e7on \u00bb, pr\u00e8s de la &hellip;<\/p>\n","protected":false},"author":2,"featured_media":13242,"comment_status":"open","ping_status":"open","sticky":false,"template":"","format":"standard","meta":{"footnotes":""},"categories":[18,17],"tags":[],"class_list":["post-13240","post","type-post","status-publish","format-standard","has-post-thumbnail","hentry","category-actualites","category-sports"],"_links":{"self":[{"href":"https:\/\/ladepeche.mr\/index.php?rest_route=\/wp\/v2\/posts\/13240","targetHints":{"allow":["GET"]}}],"collection":[{"href":"https:\/\/ladepeche.mr\/index.php?rest_route=\/wp\/v2\/posts"}],"about":[{"href":"https:\/\/ladepeche.mr\/index.php?rest_route=\/wp\/v2\/types\/post"}],"author":[{"embeddable":true,"href":"https:\/\/ladepeche.mr\/index.php?rest_route=\/wp\/v2\/users\/2"}],"replies":[{"embeddable":true,"href":"https:\/\/ladepeche.mr\/index.php?rest_route=%2Fwp%2Fv2%2Fcomments&post=13240"}],"version-history":[{"count":4,"href":"https:\/\/ladepeche.mr\/index.php?rest_route=\/wp\/v2\/posts\/13240\/revisions"}],"predecessor-version":[{"id":13251,"href":"https:\/\/ladepeche.mr\/index.php?rest_route=\/wp\/v2\/posts\/13240\/revisions\/13251"}],"wp:featuredmedia":[{"embeddable":true,"href":"https:\/\/ladepeche.mr\/index.php?rest_route=\/wp\/v2\/media\/13242"}],"wp:attachment":[{"href":"https:\/\/ladepeche.mr\/index.php?rest_route=%2Fwp%2Fv2%2Fmedia&parent=13240"}],"wp:term":[{"taxonomy":"category","embeddable":true,"href":"https:\/\/ladepeche.mr\/index.php?rest_route=%2Fwp%2Fv2%2Fcategories&post=13240"},{"taxonomy":"post_tag","embeddable":true,"href":"https:\/\/ladepeche.mr\/index.php?rest_route=%2Fwp%2Fv2%2Ftags&post=13240"}],"curies":[{"name":"wp","href":"https:\/\/api.w.org\/{rel}","templated":true}]}}