{"id":13245,"date":"2025-01-06T11:00:38","date_gmt":"2025-01-06T11:00:38","guid":{"rendered":"https:\/\/ladepeche.mr\/?p=13245"},"modified":"2025-01-06T10:14:28","modified_gmt":"2025-01-06T10:14:28","slug":"israel-les-soldats-ayant-servi-a-gaza-et-au-liban-risquent-des-arrestations-a-letranger","status":"publish","type":"post","link":"https:\/\/ladepeche.mr\/?p=13245","title":{"rendered":"Isra\u00ebl: les soldats ayant servi \u00e0 Gaza et au Liban risquent des arrestations \u00e0 l&#8217;\u00e9tranger"},"content":{"rendered":"<p class=\"t-content__chapo\">Un ex-militaire isra\u00e9lien a d\u00fb quitter pr\u00e9cipitamment le Br\u00e9sil \u00e0 la suite d&#8217;une plainte de la fondation Hind Rajab (HRF) d\u00e9pos\u00e9e \u00e0 son encontre pour de possibles crimes de guerre\u00a0\u00e0 Gaza. Depuis l&#8217;\u00e9mission des mandats d&#8217;arr\u00eat de la Cour p\u00e9nale internationale contre Benyamin Netanyahu et son ancien ministre de la D\u00e9fense Yoav Gallant, cette organisation bas\u00e9e en Belgique affirme se pr\u00e9parer \u00e0 porter plainte contre un millier d&#8217;Isra\u00e9liens ayant servi \u00e0 Gaza \u2013 des binationaux pour la plupart.<\/p>\n<div class=\"t-content__dates t-content__dates--reading-time\">\n<p>C&#8217;est une mise en garde lanc\u00e9e par l&#8217;arm\u00e9e\u00a0<strong><a href=\"https:\/\/www.rfi.fr\/fr\/tag\/isra%C3%ABl\/\" target=\"_self\">isra\u00e9lienne<\/a><\/strong>. Elle s&#8217;adresse en premier lieu aux r\u00e9servistes qui ont servi depuis le 7 octobre 2023 \u00e0 Gaza et au\u00a0<strong><a href=\"https:\/\/www.rfi.fr\/fr\/tag\/liban\/\" target=\"_self\">Liban<\/a><\/strong>\u00a0: lors de voyages \u00e0 l&#8217;\u00e9tranger, ces soldats risquent d&#8217;\u00eatre interpell\u00e9s par les autorit\u00e9s judiciaires locales. Les soldats du contingent et de carri\u00e8re ne peuvent, pour leur part, quitter le pays sans autorisation formelle de leur hi\u00e9rarchie.<\/p>\n<p>R\u00e9cemment, un certain nombre d&#8217;Isra\u00e9liens en vacances \u00e0 l&#8217;\u00e9tranger ont d\u00fb fournir des d\u00e9tails sur leurs activit\u00e9s militaires. Cela s&#8217;est produit en Afrique du Sud, au Sri Lanka, en Belgique, en France et au Br\u00e9sil. L&#8217;Australie, pour sa part, demande aux Isra\u00e9liens de remplir un formulaire dans lequel ils doivent stipuler qu&#8217;ils n&#8217;ont pas commis ou assist\u00e9 \u00e0 des\u00a0<strong><a href=\"https:\/\/www.rfi.fr\/fr\/moyen-orient\/20241114-human-rigths-watch-accuse-isra%C3%ABl-crime-de-guerre-%C3%A9voque-un-nettoyage-ethnique-en-cours-gaza\" target=\"_self\">crimes de guerre<\/a><\/strong>.<\/p>\n<p>Une nouvelle cellule du parquet militaire, des affaires \u00e9trang\u00e8res et du service de s\u00e9curit\u00e9 Shin Bet vient d&#8217;\u00eatre cr\u00e9\u00e9e pour leur venir en aide. De leur c\u00f4t\u00e9, les autorit\u00e9s militaires exigent d\u00e9sormais que les soldats ayant\u00a0<strong><a href=\"https:\/\/www.rfi.fr\/fr\/moyen-orient\/20250105-bande-de-gaza-recrudescence-des-frappes-isra%C3%A9liennes\" target=\"_self\">servi \u00e0 Gaza et au Liban<\/a><\/strong>\u00a0retirent des r\u00e9seaux sociaux toute publication relative aux combats qui pourrait les incriminer.<\/p>\n<p>RFI<\/p>\n<\/div>\n","protected":false},"excerpt":{"rendered":"<p>Un ex-militaire isra\u00e9lien a d\u00fb quitter pr\u00e9cipitamment le Br\u00e9sil \u00e0 la suite d&#8217;une plainte de la fondation Hind Rajab (HRF) d\u00e9pos\u00e9e \u00e0 son encontre pour de possibles crimes de guerre\u00a0\u00e0 Gaza. Depuis l&#8217;\u00e9mission des mandats d&#8217;arr\u00eat de la Cour p\u00e9nale internationale contre Benyamin Netanyahu et son ancien ministre de la D\u00e9fense Yoav Gallant, cette organisation &hellip;<\/p>\n","protected":false},"author":2,"featured_media":13246,"comment_status":"open","ping_status":"open","sticky":false,"template":"","format":"standard","meta":{"footnotes":""},"categories":[18,29],"tags":[],"class_list":["post-13245","post","type-post","status-publish","format-standard","has-post-thumbnail","hentry","category-actualites","category-monde"],"_links":{"self":[{"href":"https:\/\/ladepeche.mr\/index.php?rest_route=\/wp\/v2\/posts\/13245","targetHints":{"allow":["GET"]}}],"collection":[{"href":"https:\/\/ladepeche.mr\/index.php?rest_route=\/wp\/v2\/posts"}],"about":[{"href":"https:\/\/ladepeche.mr\/index.php?rest_route=\/wp\/v2\/types\/post"}],"author":[{"embeddable":true,"href":"https:\/\/ladepeche.mr\/index.php?rest_route=\/wp\/v2\/users\/2"}],"replies":[{"embeddable":true,"href":"https:\/\/ladepeche.mr\/index.php?rest_route=%2Fwp%2Fv2%2Fcomments&post=13245"}],"version-history":[{"count":1,"href":"https:\/\/ladepeche.mr\/index.php?rest_route=\/wp\/v2\/posts\/13245\/revisions"}],"predecessor-version":[{"id":13247,"href":"https:\/\/ladepeche.mr\/index.php?rest_route=\/wp\/v2\/posts\/13245\/revisions\/13247"}],"wp:featuredmedia":[{"embeddable":true,"href":"https:\/\/ladepeche.mr\/index.php?rest_route=\/wp\/v2\/media\/13246"}],"wp:attachment":[{"href":"https:\/\/ladepeche.mr\/index.php?rest_route=%2Fwp%2Fv2%2Fmedia&parent=13245"}],"wp:term":[{"taxonomy":"category","embeddable":true,"href":"https:\/\/ladepeche.mr\/index.php?rest_route=%2Fwp%2Fv2%2Fcategories&post=13245"},{"taxonomy":"post_tag","embeddable":true,"href":"https:\/\/ladepeche.mr\/index.php?rest_route=%2Fwp%2Fv2%2Ftags&post=13245"}],"curies":[{"name":"wp","href":"https:\/\/api.w.org\/{rel}","templated":true}]}}