{"id":13254,"date":"2025-01-06T18:10:04","date_gmt":"2025-01-06T18:10:04","guid":{"rendered":"https:\/\/ladepeche.mr\/?p=13254"},"modified":"2025-01-06T18:10:45","modified_gmt":"2025-01-06T18:10:45","slug":"economie-ould-bouh-a-washington-pour-signer-un-un-accord-de-financement-du-mcc","status":"publish","type":"post","link":"https:\/\/ladepeche.mr\/?p=13254","title":{"rendered":"Economie\u00a0: Ould Bouh \u00e0 Washington pour signer un accord de financement avec le MCC"},"content":{"rendered":"<p>Le ministre de l&#8217;Economie et des Finances, Sid&#8217;Ahmed\u00a0 Ould Bouh, s\u2019est envol\u00e9 dimanche soir \u00e0 destination des Etats-Unis d\u2019Am\u00e9rique pour une visite de travail qui devrait \u00eatre sanctionn\u00e9e par la signature, \u00e0 Washington, d\u2019un accord de financement du Le Millennium Challenge Corporation (MCC), \u00a0en faveur de notre pays, tient-on de source officielle.<\/p>\n<p>Aucun d\u00e9tail n\u2019a \u00e9t\u00e9 donn\u00e9 sur les contours de cet accord avec l\u2019institution am\u00e9ricaine qui fonde son apport financier aux pays en fonction d\u2019indicateurs comme la transparence, la gouvernance et le lib\u00e9ralisme \u00e9conomique.\u00a0 Il faut donc atteindre \u00ab un point d\u2019ach\u00e8vement \u00bb pour voir le MCC venir en soutien aux politiques gouvernementales des pays ; ce qui semble le cas pour le gouvernement de Ould Djaye dont les performances sont ainsi bien accueillies.<\/p>\n<p>Le MCC est un instrument bilat\u00e9ral d&#8217;aide publique au d\u00e9veloppement, cr\u00e9\u00e9e, en 2004, pour encourager le d\u00e9veloppement de pays pauvres et pour la lutte contre le terrorisme.<\/p>\n<p>Une fois, cet accord sign\u00e9 annonc\u00e9, Ould Bouh se rendra encore au Royaume d&#8217;Arabie Saoudite pour assister \u00e0 la tenue de la r\u00e9union des gouverneurs du Groupe de la Banque islamique de d\u00e9veloppement, qui discutera du nouveau plan strat\u00e9gique de la Banque pour 2026-2035 et devrait approuver les principales orientations du nouveau contrat de d\u00e9veloppement d\u00e9cennal.<\/p>\n","protected":false},"excerpt":{"rendered":"<p>Le ministre de l&#8217;Economie et des Finances, Sid&#8217;Ahmed\u00a0 Ould Bouh, s\u2019est envol\u00e9 dimanche soir \u00e0 destination des Etats-Unis d\u2019Am\u00e9rique pour une visite de travail qui devrait \u00eatre sanctionn\u00e9e par la signature, \u00e0 Washington, d\u2019un accord de financement du Le Millennium Challenge Corporation (MCC), \u00a0en faveur de notre pays, tient-on de source officielle. Aucun d\u00e9tail n\u2019a &hellip;<\/p>\n","protected":false},"author":2,"featured_media":10899,"comment_status":"open","ping_status":"open","sticky":false,"template":"","format":"standard","meta":{"footnotes":""},"categories":[18,2],"tags":[],"class_list":["post-13254","post","type-post","status-publish","format-standard","has-post-thumbnail","hentry","category-actualites","category-economie"],"_links":{"self":[{"href":"https:\/\/ladepeche.mr\/index.php?rest_route=\/wp\/v2\/posts\/13254","targetHints":{"allow":["GET"]}}],"collection":[{"href":"https:\/\/ladepeche.mr\/index.php?rest_route=\/wp\/v2\/posts"}],"about":[{"href":"https:\/\/ladepeche.mr\/index.php?rest_route=\/wp\/v2\/types\/post"}],"author":[{"embeddable":true,"href":"https:\/\/ladepeche.mr\/index.php?rest_route=\/wp\/v2\/users\/2"}],"replies":[{"embeddable":true,"href":"https:\/\/ladepeche.mr\/index.php?rest_route=%2Fwp%2Fv2%2Fcomments&post=13254"}],"version-history":[{"count":2,"href":"https:\/\/ladepeche.mr\/index.php?rest_route=\/wp\/v2\/posts\/13254\/revisions"}],"predecessor-version":[{"id":13256,"href":"https:\/\/ladepeche.mr\/index.php?rest_route=\/wp\/v2\/posts\/13254\/revisions\/13256"}],"wp:featuredmedia":[{"embeddable":true,"href":"https:\/\/ladepeche.mr\/index.php?rest_route=\/wp\/v2\/media\/10899"}],"wp:attachment":[{"href":"https:\/\/ladepeche.mr\/index.php?rest_route=%2Fwp%2Fv2%2Fmedia&parent=13254"}],"wp:term":[{"taxonomy":"category","embeddable":true,"href":"https:\/\/ladepeche.mr\/index.php?rest_route=%2Fwp%2Fv2%2Fcategories&post=13254"},{"taxonomy":"post_tag","embeddable":true,"href":"https:\/\/ladepeche.mr\/index.php?rest_route=%2Fwp%2Fv2%2Ftags&post=13254"}],"curies":[{"name":"wp","href":"https:\/\/api.w.org\/{rel}","templated":true}]}}