{"id":13261,"date":"2025-01-06T18:31:42","date_gmt":"2025-01-06T18:31:42","guid":{"rendered":"https:\/\/ladepeche.mr\/?p=13261"},"modified":"2025-01-06T18:33:22","modified_gmt":"2025-01-06T18:33:22","slug":"presidence-de-la-republique-le-president-ghazouani-en-espagne-pour-une-visite-privee","status":"publish","type":"post","link":"https:\/\/ladepeche.mr\/?p=13261","title":{"rendered":"Bureau de presse de la pr\u00e9sidence de la R\u00e9publique: Le pr\u00e9sident Ghazouani en Espagne pour une visite priv\u00e9e"},"content":{"rendered":"<p>Le pr\u00e9sident de la R\u00e9publique, Mohamed Ould Ghazouani, a quitt\u00e9 Nouakchott, ce lundi, en direction de l&#8217;Espagne pour une visite priv\u00e9e, annonce un communiqu\u00e9 du bureau de presse de la pr\u00e9sidence de la R\u00e9publique.<\/p>\n<p>Le pr\u00e9sident sera repr\u00e9sent\u00e9 aux festivit\u00e9s d&#8217;installation du nouveau pr\u00e9sident ghan\u00e9en, John Mahama, indique un second communiqu\u00e9 de m\u00eame source, par le ministre secr\u00e9taire g\u00e9n\u00e9ral de la pr\u00e9sidence, Moulaye Ould Mohamed Laghdaf.<\/p>\n","protected":false},"excerpt":{"rendered":"<p>Le pr\u00e9sident de la R\u00e9publique, Mohamed Ould Ghazouani, a quitt\u00e9 Nouakchott, ce lundi, en direction de l&#8217;Espagne pour une visite priv\u00e9e, annonce un communiqu\u00e9 du bureau de presse de la pr\u00e9sidence de la R\u00e9publique. Le pr\u00e9sident sera repr\u00e9sent\u00e9 aux festivit\u00e9s d&#8217;installation du nouveau pr\u00e9sident ghan\u00e9en, John Mahama, indique un second communiqu\u00e9 de m\u00eame source, par &hellip;<\/p>\n","protected":false},"author":2,"featured_media":12810,"comment_status":"open","ping_status":"open","sticky":false,"template":"","format":"standard","meta":{"footnotes":""},"categories":[18],"tags":[],"class_list":["post-13261","post","type-post","status-publish","format-standard","has-post-thumbnail","hentry","category-actualites"],"_links":{"self":[{"href":"https:\/\/ladepeche.mr\/index.php?rest_route=\/wp\/v2\/posts\/13261","targetHints":{"allow":["GET"]}}],"collection":[{"href":"https:\/\/ladepeche.mr\/index.php?rest_route=\/wp\/v2\/posts"}],"about":[{"href":"https:\/\/ladepeche.mr\/index.php?rest_route=\/wp\/v2\/types\/post"}],"author":[{"embeddable":true,"href":"https:\/\/ladepeche.mr\/index.php?rest_route=\/wp\/v2\/users\/2"}],"replies":[{"embeddable":true,"href":"https:\/\/ladepeche.mr\/index.php?rest_route=%2Fwp%2Fv2%2Fcomments&post=13261"}],"version-history":[{"count":4,"href":"https:\/\/ladepeche.mr\/index.php?rest_route=\/wp\/v2\/posts\/13261\/revisions"}],"predecessor-version":[{"id":13265,"href":"https:\/\/ladepeche.mr\/index.php?rest_route=\/wp\/v2\/posts\/13261\/revisions\/13265"}],"wp:featuredmedia":[{"embeddable":true,"href":"https:\/\/ladepeche.mr\/index.php?rest_route=\/wp\/v2\/media\/12810"}],"wp:attachment":[{"href":"https:\/\/ladepeche.mr\/index.php?rest_route=%2Fwp%2Fv2%2Fmedia&parent=13261"}],"wp:term":[{"taxonomy":"category","embeddable":true,"href":"https:\/\/ladepeche.mr\/index.php?rest_route=%2Fwp%2Fv2%2Fcategories&post=13261"},{"taxonomy":"post_tag","embeddable":true,"href":"https:\/\/ladepeche.mr\/index.php?rest_route=%2Fwp%2Fv2%2Ftags&post=13261"}],"curies":[{"name":"wp","href":"https:\/\/api.w.org\/{rel}","templated":true}]}}