{"id":13266,"date":"2025-01-06T19:05:08","date_gmt":"2025-01-06T19:05:08","guid":{"rendered":"https:\/\/ladepeche.mr\/?p=13266"},"modified":"2025-01-06T18:36:42","modified_gmt":"2025-01-06T18:36:42","slug":"le-president-de-la-republique-supervise-linauguration-du-pont-du-quartier-el-haye-essaken","status":"publish","type":"post","link":"https:\/\/ladepeche.mr\/?p=13266","title":{"rendered":"Le Pr\u00e9sident de la R\u00e9publique supervise l\u2019inauguration du pont du quartier \u00abEl Haye Essaken\u00bb"},"content":{"rendered":"<p>Son Excellence le Pr\u00e9sident de la R\u00e9publique, Monsieur Mohamed Ould Cheikh El Ghazouani, a supervis\u00e9, lundi matin \u00e0 Nouakchott, l\u2019inauguration du pont du quartier \u00ab El Haye Essaken \u00bb, situ\u00e9 dans la moughataa de Dar Nai\u00eem.<\/p>\n<p>Ce pont en b\u00e9ton arm\u00e9 mesure 200 m\u00e8tres de long, 12 m\u00e8tres de large et 7 m\u00e8tres de haut, en plus d\u2019une voie d\u2019acc\u00e8s de 71 m\u00e8tres de long avec des murs de sout\u00e8nement de part et d\u2019autre et d\u2019un rond-point de 10,5 m\u00e8tres de diam\u00e8tre.<\/p>\n<p>Le co\u00fbt financier de la construction du pont s\u2019\u00e9l\u00e8ve \u00e0 318.516.878 ouguiyas, financ\u00e9 sur fonds propres de l\u2019\u00c9tat.<\/p>\n<p>Son Excellence le Pr\u00e9sident de la R\u00e9publique a suivi un expos\u00e9 technique sur les caract\u00e9ristiques de cet ouvrage routier et son r\u00f4le dans la fluidification du trafic, avant de couper le ruban symbolique et de d\u00e9voiler la plaque comm\u00e9morative, marquant la mise en service de ce pont.<\/p>\n<p>Dans une allocution prononc\u00e9e \u00e0 cette occasion, le ministre de l\u2019\u00c9quipement et des Transports, M. Ely Ould El Veirik, a indiqu\u00e9 que la mise en service de cet ouvrage de qualit\u00e9 s\u2019inscrit dans le cadre de la concr\u00e9tisation des engagements de Son Excellence le Pr\u00e9sident de la R\u00e9publique, Monsieur Mohamed Ould Cheikh El Ghazouani, \u00e0 l\u2019endroit des habitants de Nouakchott.<\/p>\n<p>Il a fait observer que cet \u00e9quipement, dont l\u2019inauguration s\u2019inscrit dans le cadre de la c\u00e9l\u00e9bration du 64\u00e8me anniversaire de la f\u00eate de l\u2019ind\u00e9pendance nationale, contribuera, outre la touche urbaine qu\u2019il apportera au visage de la ville, \u00e0 r\u00e9soudre la question des embouteillages, notant que le transport urbain dans les grandes villes constitue un enjeu fondamental et un facteur important dans le renforcement de l\u2019attractivit\u00e9 \u00e9conomique de toute ville.<\/p>\n<p>Le plan directeur urbain 2040 recommande la mise en place d\u2019un syst\u00e8me de transport de masse efficace et efficient, avec des voies et des ponts r\u00e9serv\u00e9s, dans le cadre de toute solution durable.<\/p>\n<p>Le ministre a soulign\u00e9 que ce pont constituera un axe vital pour faciliter le mouvement des citoyens et am\u00e9liorer la fluidit\u00e9 du trafic, passant en revue certaines des r\u00e9alisations accomplies par le secteur de l\u2019\u00e9quipement et du transport ; r\u00e9alisations qui ont permis de relier les moughataas \u00e0 leurs capitales r\u00e9gionales, d\u2019am\u00e9liorer les services de transport sur le r\u00e9seau routier national et de construire des r\u00e9seaux routiers urbains \u00e0 Nouakchott et dans certaines villes de l\u2019int\u00e9rieur du pays.<\/p>\n<p>Pour sa part, la pr\u00e9sidente de la r\u00e9gion de Nouakchott, Mme Fatimettou Mint Abdel Malek, a not\u00e9 que la r\u00e9alisation de ce pont, en plus d\u2019apporter une touche esth\u00e9tique au visage urbain de la capitale Nouakchott, contribuera \u00e0 am\u00e9liorer la fluidit\u00e9 du trafic, \u00e0 relier plus facilement et plus rapidement les diff\u00e9rentes zones de la capitale, ainsi qu\u2019\u00e0 soutenir le d\u00e9veloppement \u00e9conomique local.<\/p>\n<p>La construction de ce pont s\u2019inscrit dans le cadre des efforts d\u00e9ploy\u00e9s par les pouvoirs publics pour moderniser la ville de Nouakchott et r\u00e9pondre aux besoins croissants de d\u00e9veloppement du r\u00e9seau routier.<\/p>\n<p>Auparavant, le maire de la commune de Dar Nai\u00eem, M. Momma Ould El Ghotob Ould Momma, en son nom et au nom du maire de la commune de Teyaret, a indiqu\u00e9 que ce pont, qui constitue une \u00e9tape importante dans le renforcement des infrastructures de la ville de Nouakchott, contribuera \u00e0 la cr\u00e9ation d\u2019un syst\u00e8me de transport public de masse efficace et de grande capacit\u00e9.<\/p>\n<p>Il a ajout\u00e9 que ce pont constitue une nouvelle pierre \u00e0 l\u2019\u00e9difice global de mise en \u0153uvre du Projet Mobilit\u00e9 Nouakchott 2026, qui est une vision int\u00e9gr\u00e9e pour le d\u00e9veloppement du transport urbain.<\/p>\n<p>Le maire a appel\u00e9 \u00e0 permettre aux communes de Dar Nai\u00eem et de Teyaret d\u2019exploiter les places adjacentes au pont pour pr\u00e9server l\u2019aspect urbain et contribuer \u00e0 la modernisation de la ville de Nouakchott.<\/p>\n<p>La c\u00e9r\u00e9monie d\u2019inauguration s\u2019est d\u00e9roul\u00e9e en pr\u00e9sence du Premier ministre M. Mokhtar Ould Diay, du ministre charg\u00e9 du cabinet du Pr\u00e9sident de la R\u00e9publique, des deux ministres conseillers du Pr\u00e9sident de la R\u00e9publique, des membres du gouvernement, du wali de Nouakchott-Nord, des responsables des services militaires et de s\u00e9curit\u00e9 et des membres du corps diplomatique accr\u00e9dit\u00e9 en Mauritanie.<\/p>\n<p>Ami<\/p>\n<div style=\"width: 1280px;\" class=\"wp-video\"><video class=\"wp-video-shortcode\" id=\"video-13266-1\" width=\"1280\" height=\"720\" preload=\"metadata\" controls=\"controls\"><source type=\"video\/mp4\" src=\"http:\/\/ladepeche.mr\/wp-content\/uploads\/2025\/01\/\u062c\u0633\u0631-\u0627\u0644\u062d\u064a-\u0627\u0644\u0633\u0627\u0643\u0646.mp4?_=1\" \/><a href=\"http:\/\/ladepeche.mr\/wp-content\/uploads\/2025\/01\/\u062c\u0633\u0631-\u0627\u0644\u062d\u064a-\u0627\u0644\u0633\u0627\u0643\u0646.mp4\">http:\/\/ladepeche.mr\/wp-content\/uploads\/2025\/01\/\u062c\u0633\u0631-\u0627\u0644\u062d\u064a-\u0627\u0644\u0633\u0627\u0643\u0646.mp4<\/a><\/video><\/div>\n","protected":false},"excerpt":{"rendered":"<p>Son Excellence le Pr\u00e9sident de la R\u00e9publique, Monsieur Mohamed Ould Cheikh El Ghazouani, a supervis\u00e9, lundi matin \u00e0 Nouakchott, l\u2019inauguration du pont du quartier \u00ab El Haye Essaken \u00bb, situ\u00e9 dans la moughataa de Dar Nai\u00eem. Ce pont en b\u00e9ton arm\u00e9 mesure 200 m\u00e8tres de long, 12 m\u00e8tres de large et 7 m\u00e8tres de haut, &hellip;<\/p>\n","protected":false},"author":2,"featured_media":13258,"comment_status":"open","ping_status":"open","sticky":false,"template":"","format":"standard","meta":{"footnotes":""},"categories":[18,2],"tags":[],"class_list":["post-13266","post","type-post","status-publish","format-standard","has-post-thumbnail","hentry","category-actualites","category-economie"],"_links":{"self":[{"href":"https:\/\/ladepeche.mr\/index.php?rest_route=\/wp\/v2\/posts\/13266","targetHints":{"allow":["GET"]}}],"collection":[{"href":"https:\/\/ladepeche.mr\/index.php?rest_route=\/wp\/v2\/posts"}],"about":[{"href":"https:\/\/ladepeche.mr\/index.php?rest_route=\/wp\/v2\/types\/post"}],"author":[{"embeddable":true,"href":"https:\/\/ladepeche.mr\/index.php?rest_route=\/wp\/v2\/users\/2"}],"replies":[{"embeddable":true,"href":"https:\/\/ladepeche.mr\/index.php?rest_route=%2Fwp%2Fv2%2Fcomments&post=13266"}],"version-history":[{"count":1,"href":"https:\/\/ladepeche.mr\/index.php?rest_route=\/wp\/v2\/posts\/13266\/revisions"}],"predecessor-version":[{"id":13267,"href":"https:\/\/ladepeche.mr\/index.php?rest_route=\/wp\/v2\/posts\/13266\/revisions\/13267"}],"wp:featuredmedia":[{"embeddable":true,"href":"https:\/\/ladepeche.mr\/index.php?rest_route=\/wp\/v2\/media\/13258"}],"wp:attachment":[{"href":"https:\/\/ladepeche.mr\/index.php?rest_route=%2Fwp%2Fv2%2Fmedia&parent=13266"}],"wp:term":[{"taxonomy":"category","embeddable":true,"href":"https:\/\/ladepeche.mr\/index.php?rest_route=%2Fwp%2Fv2%2Fcategories&post=13266"},{"taxonomy":"post_tag","embeddable":true,"href":"https:\/\/ladepeche.mr\/index.php?rest_route=%2Fwp%2Fv2%2Ftags&post=13266"}],"curies":[{"name":"wp","href":"https:\/\/api.w.org\/{rel}","templated":true}]}}