{"id":13274,"date":"2025-01-06T21:06:22","date_gmt":"2025-01-06T21:06:22","guid":{"rendered":"https:\/\/ladepeche.mr\/?p=13274"},"modified":"2025-01-06T21:06:52","modified_gmt":"2025-01-06T21:06:52","slug":"le-ministere-public-rend-public-une-declaration-concernant-laccuse-mohamed-ould-abdelaziz","status":"publish","type":"post","link":"https:\/\/ladepeche.mr\/?p=13274","title":{"rendered":"Le minist\u00e8re public rend publique une d\u00e9claration concernant l\u2019accus\u00e9 Mohamed Ould Abdelaziz"},"content":{"rendered":"<p style=\"text-align: left;\">Le parquet du tribunal de Nouakchott-Ouest a publi\u00e9, lundi, un communiqu\u00e9 sur les mesures juridiques et sanitaires prises concernant l\u2019accus\u00e9 Mohamed Ould Abdelaziz, poursuivi pour corruption.<\/p>\n<p>Le minist\u00e8re public a r\u00e9it\u00e9r\u00e9 son engagement ferme \u00e0 garantir l\u2019int\u00e9grit\u00e9 et l\u2019\u00e9quit\u00e9 des proc\u00e9dures judiciaires, ainsi que sa volont\u00e9 de pr\u00e9server les droits de tous conform\u00e9ment \u00e0 la loi, dans l\u2019int\u00e9r\u00eat de la justice.<\/p>\n<p>Le communiqu\u00e9 du minist\u00e8re public est libell\u00e9 ainsi qu\u2019il suit :<\/p>\n<p>&#8220;Consid\u00e9rant le r\u00f4le du minist\u00e8re public dans la garantie de l\u2019application de la loi et la sauvegarde des droits garantis \u00e0 tous, en vue d\u2019informer le public des faits relatifs aux proc\u00e9dures suivies dans l\u2019affaire de l\u2019accus\u00e9 Mohamed Ould Abdelaziz, poursuivi pour corruption, et compte tenu des informations r\u00e9centes qui circulent sur son \u00e9tat de sant\u00e9, le minist\u00e8re public publie cette d\u00e9claration afin de clarifier les donn\u00e9es juridiques et sanitaires, ainsi que les mesures prises \u00e0 cet \u00e9gard, dans le respect des principes de justice et de l\u2019\u00c9tat de droit.<\/p>\n<p>Premi\u00e8rement, l\u2019\u00c9tat s\u2019engage pleinement \u00e0 garantir les droits de tous les citoyens sans exception, y compris la fourniture des soins de sant\u00e9 n\u00e9cessaires, quel que soit leur statut juridique ou social.<\/p>\n<p>Deuxi\u00e8mement, depuis que l\u2019accus\u00e9 Mohamed Ould Abdelaziz a \u00e9t\u00e9 plac\u00e9 sous la garde de la justice, toutes ses demandes l\u00e9gales ont \u00e9t\u00e9 accord\u00e9es, en particulier, celles li\u00e9es \u00e0 son \u00e9tat de sant\u00e9. Il a obtenu le droit de choisir les m\u00e9decins qui supervisent son \u00e9tat de sant\u00e9, en plus du temps et du lieu appropri\u00e9s pour qu\u2019il re\u00e7oive les tests et les traitements n\u00e9cessaires.<\/p>\n<p>Troisi\u00e8mement : en plus des soins m\u00e9dicaux, l\u2019accus\u00e9 jouit de tous ses droits, y compris la communication avec sa famille et les personnes de son choix, tels que garantis par la loi.<\/p>\n<p>Quatri\u00e8mement : bien que l\u2019accus\u00e9 ait abord\u00e9 divers sujets lors des sessions pr\u00e9c\u00e9dentes, dans son discours devant le tribunal, sans montrer aucune indication qu\u2019il souffrait de probl\u00e8mes de sant\u00e9, il a d\u00e9clar\u00e9 plus tard qu\u2019il se sentait \u00e9puis\u00e9 lors de l\u2019une des derni\u00e8res sessions.<\/p>\n<p>En r\u00e9ponse \u00e0 cette d\u00e9claration, le tribunal a d\u00e9cid\u00e9 de reporter les audiences de deux semaines afin de permettre les examens m\u00e9dicaux n\u00e9cessaires et de s\u2019assurer de son \u00e9tat de sant\u00e9 exact.<\/p>\n<p>Cinqui\u00e8mement : le tribunal a d\u00e9cid\u00e9 de nommer une \u00e9quipe m\u00e9dicale nationale qualifi\u00e9e qui comprend un groupe de m\u00e9decins sp\u00e9cialis\u00e9s connus pour leur comp\u00e9tence, leur exp\u00e9rience et leur int\u00e9grit\u00e9, dont un m\u00e9decin pr\u00e9alablement choisi par l\u2019accus\u00e9 lui-m\u00eame pour superviser son traitement, ledit m\u00e9decin a assum\u00e9 la t\u00e2che de coordination entre l\u2019accus\u00e9 d\u2019une part et le tribunal et l\u2019\u00e9quipe m\u00e9dicale, d\u2019autre part.<\/p>\n<p>Sixi\u00e8mement : malgr\u00e9 ces proc\u00e9dures, il est surprenant que l\u2019accus\u00e9 ait refus\u00e9 de coop\u00e9rer avec les m\u00e9decins concern\u00e9s pour diagnostiquer son \u00e9tat de sant\u00e9, ignorant ce qu\u2019il avait pr\u00e9c\u00e9demment affirm\u00e9 concernant la d\u00e9t\u00e9rioration de son \u00e9tat.<\/p>\n<p>Septi\u00e8mement : ce qui ressort de la strat\u00e9gie de d\u00e9fense de l\u2019accus\u00e9, qui repose sur la procrastination et la pr\u00e9sentation de d\u00e9fenses qui ne sont pas l\u00e9galement \u00e9tablies, vise \u00e0 faire perdre du temps et \u00e0 prolonger la p\u00e9riode de proc\u00e8s sans justification apr\u00e8s une tentative manifeste d\u2019entraver le cours de la justice et de retarder le jugement de l\u2019affaire.<\/p>\n<p>Huiti\u00e8mement : le minist\u00e8re public, tout en affirmant son respect des droits de l\u2019accus\u00e9 garantis par la loi, rejette en m\u00eame temps toute tentative d\u2019entraver le cours de la justice sous quelque pr\u00e9texte que ce soit.<\/p>\n<p>Il souligne, \u00e9galement, que le fait de faire semblant d\u2019\u00eatre malade et de se soustraire aux proc\u00e9dures judiciaires constitue une atteinte aux droits de l\u2019accus\u00e9 lui-m\u00eame et des autres personnes inscrites au dossier, ainsi qu\u2019un retard injustifi\u00e9 dans les proc\u00e9dures judiciaires visant \u00e0 obtenir ce droit et \u00e0 administrer la justice.<\/p>\n<p>Neuvi\u00e8mement : le minist\u00e8re public rappelle que la jouissance par l\u2019accus\u00e9 de tous ses droits l\u00e9gaux, y compris les soins de sant\u00e9 n\u00e9cessaires, fait partie int\u00e9grante de l\u2019engagement de l\u2019\u00c9tat \u00e0 appliquer les principes de justice et de l\u2019\u00c9tat de droit, ce qui constitue une garantie essentielle pour un proc\u00e8s \u00e9quitable et transparent.<\/p>\n<p>En conclusion, le minist\u00e8re public affirme son engagement ferme \u00e0 garantir l\u2019int\u00e9grit\u00e9 et l\u2019\u00e9quit\u00e9 des proc\u00e9dures judiciaires, ainsi que sa volont\u00e9 de pr\u00e9server les droits de toutes les parties conform\u00e9ment \u00e0 la loi, avant tout, dans l\u2019int\u00e9r\u00eat de la justice.<\/p>\n<p>Ami<\/p>\n","protected":false},"excerpt":{"rendered":"<p>Le parquet du tribunal de Nouakchott-Ouest a publi\u00e9, lundi, un communiqu\u00e9 sur les mesures juridiques et sanitaires prises concernant l\u2019accus\u00e9 Mohamed Ould Abdelaziz, poursuivi pour corruption. Le minist\u00e8re public a r\u00e9it\u00e9r\u00e9 son engagement ferme \u00e0 garantir l\u2019int\u00e9grit\u00e9 et l\u2019\u00e9quit\u00e9 des proc\u00e9dures judiciaires, ainsi que sa volont\u00e9 de pr\u00e9server les droits de tous conform\u00e9ment \u00e0 la &hellip;<\/p>\n","protected":false},"author":2,"featured_media":13275,"comment_status":"open","ping_status":"open","sticky":false,"template":"","format":"standard","meta":{"footnotes":""},"categories":[18,31],"tags":[],"class_list":["post-13274","post","type-post","status-publish","format-standard","has-post-thumbnail","hentry","category-actualites","category-politique-et-reportages"],"_links":{"self":[{"href":"https:\/\/ladepeche.mr\/index.php?rest_route=\/wp\/v2\/posts\/13274","targetHints":{"allow":["GET"]}}],"collection":[{"href":"https:\/\/ladepeche.mr\/index.php?rest_route=\/wp\/v2\/posts"}],"about":[{"href":"https:\/\/ladepeche.mr\/index.php?rest_route=\/wp\/v2\/types\/post"}],"author":[{"embeddable":true,"href":"https:\/\/ladepeche.mr\/index.php?rest_route=\/wp\/v2\/users\/2"}],"replies":[{"embeddable":true,"href":"https:\/\/ladepeche.mr\/index.php?rest_route=%2Fwp%2Fv2%2Fcomments&post=13274"}],"version-history":[{"count":2,"href":"https:\/\/ladepeche.mr\/index.php?rest_route=\/wp\/v2\/posts\/13274\/revisions"}],"predecessor-version":[{"id":13277,"href":"https:\/\/ladepeche.mr\/index.php?rest_route=\/wp\/v2\/posts\/13274\/revisions\/13277"}],"wp:featuredmedia":[{"embeddable":true,"href":"https:\/\/ladepeche.mr\/index.php?rest_route=\/wp\/v2\/media\/13275"}],"wp:attachment":[{"href":"https:\/\/ladepeche.mr\/index.php?rest_route=%2Fwp%2Fv2%2Fmedia&parent=13274"}],"wp:term":[{"taxonomy":"category","embeddable":true,"href":"https:\/\/ladepeche.mr\/index.php?rest_route=%2Fwp%2Fv2%2Fcategories&post=13274"},{"taxonomy":"post_tag","embeddable":true,"href":"https:\/\/ladepeche.mr\/index.php?rest_route=%2Fwp%2Fv2%2Ftags&post=13274"}],"curies":[{"name":"wp","href":"https:\/\/api.w.org\/{rel}","templated":true}]}}