{"id":13278,"date":"2025-01-07T09:36:34","date_gmt":"2025-01-07T09:36:34","guid":{"rendered":"https:\/\/ladepeche.mr\/?p=13278"},"modified":"2025-01-07T09:36:34","modified_gmt":"2025-01-07T09:36:34","slug":"lindonesie-rejoint-officiellement-le-groupe-des-brics","status":"publish","type":"post","link":"https:\/\/ladepeche.mr\/?p=13278","title":{"rendered":"L&#8217;Indon\u00e9sie rejoint officiellement le groupe des BRICS"},"content":{"rendered":"<h4>La candidature de l&#8217;Indon\u00e9sie a \u00e9t\u00e9 approuv\u00e9e par les dirigeants des BRICS lors du sommet de Johannesburg en ao\u00fbt 2023.<\/h4>\n<p class=\"selectionShareable\">Le Br\u00e9sil, qui assure la pr\u00e9sidence tournante des BRICS, a annonc\u00e9 lundi l&#8217;adh\u00e9sion officielle de l&#8217;Indon\u00e9sie \u00e0 ce bloc.<\/p>\n<p class=\"selectionShareable\">Cr\u00e9\u00e9 en 2009, le groupe \u00e9tait initialement compos\u00e9 du Br\u00e9sil, de la Russie, de l&#8217;Inde, de la Chine et de l&#8217;Afrique du Sud.<\/p>\n<p class=\"selectionShareable\">Dans un communiqu\u00e9 de presse, le minist\u00e8re br\u00e9silien des Affaires \u00e9trang\u00e8res a f\u00e9licit\u00e9 l&#8217;Indon\u00e9sie pour son entr\u00e9e au sein du bloc. Le Br\u00e9sil assumera la pr\u00e9sidence des BRICS du 1er janvier 2025 au 31 d\u00e9cembre 2025.<\/p>\n<p class=\"selectionShareable\">&#8220;Le gouvernement br\u00e9silien f\u00e9licite le gouvernement indon\u00e9sien pour son adh\u00e9sion aux BRICS. L&#8217;Indon\u00e9sie, dont la population et l&#8217;\u00e9conomie sont les plus importantes d&#8217;Asie du Sud-Est, partage avec les autres membres du groupe le soutien \u00e0 la r\u00e9forme des institutions de gouvernance mondiale, et contribue positivement \u00e0 l&#8217;approfondissement de la coop\u00e9ration dans le Sud global, des questions prioritaires pour la pr\u00e9sidence br\u00e9silienne des BRICS&#8221;, peut-on lire dans le communiqu\u00e9.<\/p>\n<p class=\"selectionShareable\">La candidature de l&#8217;Indon\u00e9sie a \u00e9t\u00e9 approuv\u00e9e par les dirigeants des BRICS lors du sommet de Johannesburg en ao\u00fbt 2023. Toutefois, comme le pays se pr\u00e9parait \u00e0 des \u00e9lections g\u00e9n\u00e9rales en f\u00e9vrier 2024, il n&#8217;a officiellement communiqu\u00e9 son intention de rejoindre le bloc qu&#8217;apr\u00e8s la formation du nouveau gouvernement.<\/p>\n<p class=\"selectionShareable\">Les BRICS repr\u00e9sentent actuellement 40 % de la population mondiale et 35 % du PIB mondial, ce qui en fait un acteur important sur la sc\u00e8ne g\u00e9opolitique. Le nombre de ses membres continue d&#8217;augmenter, avec 13 nouvelles nations qui se sont jointes \u00e0 eux en tant que pays partenaires depuis octobre 2023.<\/p>\n<p class=\"selectionShareable\">Le groupe a \u00e9galement accueilli quatre nations d&#8217;Asie du Sud-Est dans ses rangs : la Malaisie, l&#8217;Indon\u00e9sie, le Vi\u00eat Nam et la Tha\u00eflande.<\/p>\n<p>aa.com.tr<\/p>\n","protected":false},"excerpt":{"rendered":"<p>La candidature de l&#8217;Indon\u00e9sie a \u00e9t\u00e9 approuv\u00e9e par les dirigeants des BRICS lors du sommet de Johannesburg en ao\u00fbt 2023. Le Br\u00e9sil, qui assure la pr\u00e9sidence tournante des BRICS, a annonc\u00e9 lundi l&#8217;adh\u00e9sion officielle de l&#8217;Indon\u00e9sie \u00e0 ce bloc. Cr\u00e9\u00e9 en 2009, le groupe \u00e9tait initialement compos\u00e9 du Br\u00e9sil, de la Russie, de l&#8217;Inde, de &hellip;<\/p>\n","protected":false},"author":2,"featured_media":13279,"comment_status":"open","ping_status":"open","sticky":false,"template":"","format":"standard","meta":{"footnotes":""},"categories":[18,29],"tags":[],"class_list":["post-13278","post","type-post","status-publish","format-standard","has-post-thumbnail","hentry","category-actualites","category-monde"],"_links":{"self":[{"href":"https:\/\/ladepeche.mr\/index.php?rest_route=\/wp\/v2\/posts\/13278","targetHints":{"allow":["GET"]}}],"collection":[{"href":"https:\/\/ladepeche.mr\/index.php?rest_route=\/wp\/v2\/posts"}],"about":[{"href":"https:\/\/ladepeche.mr\/index.php?rest_route=\/wp\/v2\/types\/post"}],"author":[{"embeddable":true,"href":"https:\/\/ladepeche.mr\/index.php?rest_route=\/wp\/v2\/users\/2"}],"replies":[{"embeddable":true,"href":"https:\/\/ladepeche.mr\/index.php?rest_route=%2Fwp%2Fv2%2Fcomments&post=13278"}],"version-history":[{"count":1,"href":"https:\/\/ladepeche.mr\/index.php?rest_route=\/wp\/v2\/posts\/13278\/revisions"}],"predecessor-version":[{"id":13280,"href":"https:\/\/ladepeche.mr\/index.php?rest_route=\/wp\/v2\/posts\/13278\/revisions\/13280"}],"wp:featuredmedia":[{"embeddable":true,"href":"https:\/\/ladepeche.mr\/index.php?rest_route=\/wp\/v2\/media\/13279"}],"wp:attachment":[{"href":"https:\/\/ladepeche.mr\/index.php?rest_route=%2Fwp%2Fv2%2Fmedia&parent=13278"}],"wp:term":[{"taxonomy":"category","embeddable":true,"href":"https:\/\/ladepeche.mr\/index.php?rest_route=%2Fwp%2Fv2%2Fcategories&post=13278"},{"taxonomy":"post_tag","embeddable":true,"href":"https:\/\/ladepeche.mr\/index.php?rest_route=%2Fwp%2Fv2%2Ftags&post=13278"}],"curies":[{"name":"wp","href":"https:\/\/api.w.org\/{rel}","templated":true}]}}