{"id":13281,"date":"2025-01-07T12:30:46","date_gmt":"2025-01-07T12:30:46","guid":{"rendered":"https:\/\/ladepeche.mr\/?p=13281"},"modified":"2025-01-07T12:39:02","modified_gmt":"2025-01-07T12:39:02","slug":"virus-respiratoire-en-chine-une-mysterieuse-epidemie-qui-inquiete-les-internautes","status":"publish","type":"post","link":"https:\/\/ladepeche.mr\/?p=13281","title":{"rendered":"Virus respiratoire en Chine: Une \u00ab myst\u00e9rieuse \u00e9pid\u00e9mie \u00bb qui inqui\u00e8te les internautes"},"content":{"rendered":"<p>Reconnu pour provoquer des sympt\u00f4mes semblables au rhume, le m\u00e9tapneumovirus humain (MPVh) suscite l\u2019inqui\u00e9tude sur l\u2019internet apr\u00e8s la diffusion de vid\u00e9os montrant des h\u00f4pitaux surcharg\u00e9s en Chine. Pr\u00e9sent partout dans le monde depuis des d\u00e9cennies, ce virus ne devrait pas nous alarmer, estiment toutefois des m\u00e9decins. Il est m\u00eame fort probable que vous l\u2019ayez d\u00e9j\u00e0 contract\u00e9 sans le savoir.<\/p>\n<h2 class=\"textModule--type-subhead \">Que se passe-t-il en Chine\u00a0?<\/h2>\n<p class=\"paragraph textModule textModule--type-paragraph \">Cinq ans apr\u00e8s le d\u00e9but de la pand\u00e9mie de COVID-19, des images relay\u00e9es ces derniers jours sur les r\u00e9seaux sociaux montrent des h\u00f4pitaux en Chine remplis de patients portant des masques. Ces publications, rapidement devenues virales, parlent d\u2019une \u00ab\u00a0myst\u00e9rieuse \u00e9pid\u00e9mie\u00a0\u00bb de MPVh en Chine, qui \u00ab\u00a0submerge les h\u00f4pitaux\u00a0\u00bb. D\u2019autres \u00e9voquent un m\u00e9lange de virus en circulation, dont le MPVh, le\u00a0<em>Mycoplasma<\/em>\u00a0<em>pneumoniae<\/em>\u00a0et la COVID-19. Des informations circulant en ligne ont rapidement \u00e9t\u00e9 d\u00e9menties. Certaines images ont \u00e9t\u00e9 prises en d\u00e9cembre\u00a02022, durant la pand\u00e9mie de COVID-19, a notamment rapport\u00e9 la cha\u00eene fran\u00e7aise TF1 Info.<\/p>\n<h2 class=\"textModule--type-subhead \">Y a-t-il vraiment une hausse du virus MPVh en Chine\u00a0?<\/h2>\n<p class=\"paragraph textModule textModule--type-paragraph \">Oui, la Chine a enregistr\u00e9 une hausse de MPVh, dit l\u2019infectiologue au CHU Sainte-Justine Caroline Quach-Thanh. \u00c7a co\u00efncide toutefois avec la p\u00e9riode hivernale, o\u00f9 les virus respiratoires circulent davantage. \u00ab\u00a0[Les Chinois] ne sont pas diff\u00e9rents de nous. Chaque hiver, on voit une augmentation des virus respiratoires et de l\u2019achalandage dans nos urgences. Eux doivent \u00eatre pareils\u00a0\u00bb, indique la D<sup>re\u00a0<\/sup>Quach-Thanh. Cette hausse pourrait \u00e9galement s\u2019expliquer par l\u2019\u00e9tablissement d\u2019un syst\u00e8me de surveillance des infections plus efficace, ce qui leur permet de d\u00e9tecter davantage de cas, ajoute la sp\u00e9cialiste.<\/p>\n<h2 class=\"textModule--type-subhead \">C\u2019est nouveau, le virus MPVh\u00a0?<\/h2>\n<p class=\"paragraph textModule textModule--type-paragraph \">Pas du tout. Il a \u00e9t\u00e9 d\u00e9tect\u00e9 pour la premi\u00e8re fois en 2001 par des chercheurs des Pays-Bas. Or, des \u00e9tudes ont montr\u00e9 qu\u2019il existe depuis au moins 60\u00a0ans et qu\u2019il est r\u00e9pandu dans le monde entier, souligne la D<sup>re\u00a0<\/sup>Judith Fafard, directrice du Laboratoire de sant\u00e9 publique du Qu\u00e9bec. Et vous l\u2019avez probablement d\u00e9j\u00e0 contract\u00e9, sans m\u00eame le savoir, puisque la plupart des personnes sont atteintes par ce virus avant l\u2019\u00e2ge de 5\u00a0ans. \u00ab\u00a0Et c\u2019est fr\u00e9quent de se r\u00e9infecter avec ce virus-l\u00e0 dans sa vie\u00a0\u00bb, ajoute la D<sup>re\u00a0<\/sup>Fafard.<\/p>\n<h2 class=\"textModule--type-subhead \">Quels sont les sympt\u00f4mes caus\u00e9s par le MPVh\u00a0?<\/h2>\n<p class=\"paragraph textModule textModule--type-paragraph \">Les sympt\u00f4mes ressemblent souvent \u00e0 ceux du rhume, dont la fi\u00e8vre, la toux, le nez qui coule ou la congestion nasale, l\u2019essoufflement et les maux de gorge. Dans certains cas, le virus peut provoquer des infections plus graves comme une pneumonie ou des crises d\u2019asthme. Ces sympt\u00f4mes plus s\u00e9v\u00e8res sont plus fr\u00e9quents chez les enfants de 5\u00a0ans et moins, les adultes de plus de 65\u00a0ans et les personnes ayant des probl\u00e8mes respiratoires ou un syst\u00e8me immunitaire affaibli.<\/p>\n<h2 class=\"textModule--type-subhead \">Est-ce un virus qui circule beaucoup au Qu\u00e9bec\u00a0?<\/h2>\n<p class=\"paragraph textModule textModule--type-paragraph \">Environ 11\u00a0% des maladies respiratoires chez les enfants au Qu\u00e9bec sont caus\u00e9es par le MPVh, signale la D<sup>re\u00a0<\/sup>Fafard. La plupart des cas sont b\u00e9nins et ne n\u00e9cessitent pas d\u2019hospitalisation. Il n\u2019existe pas de m\u00e9dicaments pour traiter le m\u00e9tapneumovirus humain, mais la plupart du temps, les patients se r\u00e9tablissent \u00e0 la maison en quelques jours. \u00c0 l\u2019heure actuelle, dans la province, \u00ab\u00a0on est davantage aux prises avec l\u2019influenza, le VRS [virus respiratoire syncytial] et un peu de COVID-19\u00a0\u00bb, pr\u00e9cise la D<sup>re\u00a0<\/sup>Quach-Thanh.<\/p>\n<h2 class=\"textModule--type-subhead \">Comment se prot\u00e9ger\u00a0?<\/h2>\n<p class=\"paragraph textModule textModule--type-paragraph \">Comme les autres rhumes, le MPVh se transmet par contact direct avec une personne atteinte ou en touchant des objets contamin\u00e9s par le virus. On peut, par exemple, \u00eatre infect\u00e9 \u00ab\u00a0si on met la main sur un objet qui a \u00e9t\u00e9 contamin\u00e9 par une personne, comme une poign\u00e9e de porte, un interrupteur ou un t\u00e9l\u00e9phone\u00a0\u00bb, illustre la D<sup>re\u00a0<\/sup>Fafard, d\u2019o\u00f9 l\u2019importance de se laver souvent les mains. Il est \u00e9galement recommand\u00e9 de se couvrir le nez et la bouche avec le coude, plut\u00f4t qu\u2019avec les mains, lorsqu\u2019on \u00e9ternue ou tousse, et d\u2019\u00e9viter les contacts lorsqu\u2019on est malade. Si ce n\u2019est pas possible, le port d\u2019un masque peut \u00eatre une option \u00e0 envisager.<\/p>\n<p class=\"paragraph textModule textModule--type-paragraph \">Alice Girard-Boss\u00e9<\/p>\n<p class=\"paragraph textModule textModule--type-paragraph \">https:\/\/www.lapresse.ca\/actualites\/sante\/2025-01-07\/virus-respiratoire-en-chine\/une-mysterieuse-epidemie-qui-inquiete-les-internautes.php?utm_source=infolettre&#038;utm_campaign=matinale&#038;utm_medium=2025-01-07<\/p>\n<p>&nbsp;<\/p>\n","protected":false},"excerpt":{"rendered":"<p>Reconnu pour provoquer des sympt\u00f4mes semblables au rhume, le m\u00e9tapneumovirus humain (MPVh) suscite l\u2019inqui\u00e9tude sur l\u2019internet apr\u00e8s la diffusion de vid\u00e9os montrant des h\u00f4pitaux surcharg\u00e9s en Chine. Pr\u00e9sent partout dans le monde depuis des d\u00e9cennies, ce virus ne devrait pas nous alarmer, estiment toutefois des m\u00e9decins. Il est m\u00eame fort probable que vous l\u2019ayez d\u00e9j\u00e0 &hellip;<\/p>\n","protected":false},"author":2,"featured_media":13282,"comment_status":"open","ping_status":"open","sticky":false,"template":"","format":"standard","meta":{"footnotes":""},"categories":[18,27],"tags":[],"class_list":["post-13281","post","type-post","status-publish","format-standard","has-post-thumbnail","hentry","category-actualites","category-sante"],"_links":{"self":[{"href":"https:\/\/ladepeche.mr\/index.php?rest_route=\/wp\/v2\/posts\/13281","targetHints":{"allow":["GET"]}}],"collection":[{"href":"https:\/\/ladepeche.mr\/index.php?rest_route=\/wp\/v2\/posts"}],"about":[{"href":"https:\/\/ladepeche.mr\/index.php?rest_route=\/wp\/v2\/types\/post"}],"author":[{"embeddable":true,"href":"https:\/\/ladepeche.mr\/index.php?rest_route=\/wp\/v2\/users\/2"}],"replies":[{"embeddable":true,"href":"https:\/\/ladepeche.mr\/index.php?rest_route=%2Fwp%2Fv2%2Fcomments&post=13281"}],"version-history":[{"count":2,"href":"https:\/\/ladepeche.mr\/index.php?rest_route=\/wp\/v2\/posts\/13281\/revisions"}],"predecessor-version":[{"id":13284,"href":"https:\/\/ladepeche.mr\/index.php?rest_route=\/wp\/v2\/posts\/13281\/revisions\/13284"}],"wp:featuredmedia":[{"embeddable":true,"href":"https:\/\/ladepeche.mr\/index.php?rest_route=\/wp\/v2\/media\/13282"}],"wp:attachment":[{"href":"https:\/\/ladepeche.mr\/index.php?rest_route=%2Fwp%2Fv2%2Fmedia&parent=13281"}],"wp:term":[{"taxonomy":"category","embeddable":true,"href":"https:\/\/ladepeche.mr\/index.php?rest_route=%2Fwp%2Fv2%2Fcategories&post=13281"},{"taxonomy":"post_tag","embeddable":true,"href":"https:\/\/ladepeche.mr\/index.php?rest_route=%2Fwp%2Fv2%2Ftags&post=13281"}],"curies":[{"name":"wp","href":"https:\/\/api.w.org\/{rel}","templated":true}]}}