{"id":13296,"date":"2025-01-07T20:45:01","date_gmt":"2025-01-07T20:45:01","guid":{"rendered":"https:\/\/ladepeche.mr\/?p=13296"},"modified":"2025-01-07T20:09:00","modified_gmt":"2025-01-07T20:09:00","slug":"declaration-du-mnpt-suite-a-une-visite-effectuee-au-prisonnier-mohamed-ould-abdel-aziz-ancien-president","status":"publish","type":"post","link":"https:\/\/ladepeche.mr\/?p=13296","title":{"rendered":"D\u00e9claration du MNPT suite \u00e0 une visite effectu\u00e9e au prisonnier Mohamed Ould Abdel Aziz (ancien Pr\u00e9sident)"},"content":{"rendered":"<p>Sur la base de l\u2019ordre de mission n\u00b0 000066 \u00e9mis par le Pr\u00e9sident du M\u00e9canisme National de Pr\u00e9vention de la Torture (MNP), une \u00e9quipe multidisciplinaire compos\u00e9e de membres du MNP a rendu visite au prisonnier Mohamed Ould Abdel Aziz (ancien Pr\u00e9sident) dans sa prison situ\u00e9e \u00e0 Tevraqh-Zeina, le mardi soir 31 d\u00e9cembre 2024 \u00e0 22h.<\/p>\n<p>Tout d\u2019abord, le M\u00e9canisme exprime sa satisfaction qu\u2019il n\u2019y ait aucune restriction \u00e0 ce que ses \u00e9quipes visitent n\u2019importe quel prisonnier dans le pays et obtiennent les d\u00e9tails les plus pr\u00e9cis relatifs aux conditions de sa d\u00e9tention en toute libert\u00e9 et avec la pleine coop\u00e9ration des autorit\u00e9s judiciaires, et sans aucune interf\u00e9rence du pouvoir ex\u00e9cutif.<\/p>\n<p>Il exprime \u00e9galement ses remerciements et sa gratitude pour la coop\u00e9ration du prisonnier Mohamed Ould Abdel Aziz et sa disponibilit\u00e9 de parler librement avec l\u2019\u00e9quipe de visite, apr\u00e8s son refus de le faire lors des visites pr\u00e9c\u00e9dentes, ce qui l\u2019a sans aucun doute aid\u00e9e \u00e0 mener \u00e0 bien son travail.<\/p>\n<p>A la lumi\u00e8re des observations faites par l\u2019\u00e9quipe visiteuse, lors de l\u2019entretien en priv\u00e9 avec le prisonnier et des informations obtenues aupr\u00e8s de la Direction g\u00e9n\u00e9rale des prisons, le M\u00e9canisme a formul\u00e9 un certain nombre de recommandations qui ont \u00e9t\u00e9 envoy\u00e9es aux autorit\u00e9s comp\u00e9tentes pour qu\u2019elles y donnent suite.<\/p>\n<p>\u00c9tant donn\u00e9 que les rapports des visites pr\u00e9ventives et d\u2019investigation sont r\u00e9gis par la r\u00e8gle de la confidentialit\u00e9, tout comme les informations fournies par les prisonniers, et que l\u2019ensemble du dossier fait l\u2019objet d\u2019un processus judiciaire qui n\u2019est pas termin\u00e9 et que la proc\u00e9dure judiciaire est en cours, le M\u00e9canisme se r\u00e9serve le droit de publier le contenu de son rapport de visite et de mentionner toute donn\u00e9e ou information susceptible d\u2019affecter le processus judiciaire, et se limite \u00e0 envoyer les recommandations concernant les conditions de d\u00e9tention du prisonnier en question aux autorit\u00e9s comp\u00e9tentes et s\u2019engage \u00e0 y donner suite, conform\u00e9ment aux d\u00e9lais l\u00e9gaux stipul\u00e9s dans la l\u00e9gislation en vigueur.<\/p>\n<p>Ami<\/p>\n","protected":false},"excerpt":{"rendered":"<p>Sur la base de l\u2019ordre de mission n\u00b0 000066 \u00e9mis par le Pr\u00e9sident du M\u00e9canisme National de Pr\u00e9vention de la Torture (MNP), une \u00e9quipe multidisciplinaire compos\u00e9e de membres du MNP a rendu visite au prisonnier Mohamed Ould Abdel Aziz (ancien Pr\u00e9sident) dans sa prison situ\u00e9e \u00e0 Tevraqh-Zeina, le mardi soir 31 d\u00e9cembre 2024 \u00e0 22h. &hellip;<\/p>\n","protected":false},"author":2,"featured_media":13297,"comment_status":"open","ping_status":"open","sticky":false,"template":"","format":"standard","meta":{"footnotes":""},"categories":[18,31],"tags":[],"class_list":["post-13296","post","type-post","status-publish","format-standard","has-post-thumbnail","hentry","category-actualites","category-politique-et-reportages"],"_links":{"self":[{"href":"https:\/\/ladepeche.mr\/index.php?rest_route=\/wp\/v2\/posts\/13296","targetHints":{"allow":["GET"]}}],"collection":[{"href":"https:\/\/ladepeche.mr\/index.php?rest_route=\/wp\/v2\/posts"}],"about":[{"href":"https:\/\/ladepeche.mr\/index.php?rest_route=\/wp\/v2\/types\/post"}],"author":[{"embeddable":true,"href":"https:\/\/ladepeche.mr\/index.php?rest_route=\/wp\/v2\/users\/2"}],"replies":[{"embeddable":true,"href":"https:\/\/ladepeche.mr\/index.php?rest_route=%2Fwp%2Fv2%2Fcomments&post=13296"}],"version-history":[{"count":1,"href":"https:\/\/ladepeche.mr\/index.php?rest_route=\/wp\/v2\/posts\/13296\/revisions"}],"predecessor-version":[{"id":13298,"href":"https:\/\/ladepeche.mr\/index.php?rest_route=\/wp\/v2\/posts\/13296\/revisions\/13298"}],"wp:featuredmedia":[{"embeddable":true,"href":"https:\/\/ladepeche.mr\/index.php?rest_route=\/wp\/v2\/media\/13297"}],"wp:attachment":[{"href":"https:\/\/ladepeche.mr\/index.php?rest_route=%2Fwp%2Fv2%2Fmedia&parent=13296"}],"wp:term":[{"taxonomy":"category","embeddable":true,"href":"https:\/\/ladepeche.mr\/index.php?rest_route=%2Fwp%2Fv2%2Fcategories&post=13296"},{"taxonomy":"post_tag","embeddable":true,"href":"https:\/\/ladepeche.mr\/index.php?rest_route=%2Fwp%2Fv2%2Ftags&post=13296"}],"curies":[{"name":"wp","href":"https:\/\/api.w.org\/{rel}","templated":true}]}}