{"id":13299,"date":"2025-01-07T21:45:58","date_gmt":"2025-01-07T21:45:58","guid":{"rendered":"https:\/\/ladepeche.mr\/?p=13299"},"modified":"2025-01-07T21:15:23","modified_gmt":"2025-01-07T21:15:23","slug":"le-ministre-de-leconomie-et-des-finances-signe-un-accord-de-financement-avec-la-presidente-de-la-mcc","status":"publish","type":"post","link":"https:\/\/ladepeche.mr\/?p=13299","title":{"rendered":"Le ministre de l&#8217;\u00c9conomie et des Finances signe un accord de financement avec la pr\u00e9sidente de la MCC"},"content":{"rendered":"<p>Son Excellence le ministre de l\u2019\u00c9conomie et des Finances, M. Sid&#8217;Ahmed Ould Bouh, et Mme Alice Albright, pr\u00e9sidente ex\u00e9cutive de la Millenium Challenge Corporation (MCC), ont sign\u00e9, ce mardi \u00e0 Washington, le premier accord de financement entre la Mauritanie et cette agence f\u00e9d\u00e9rale am\u00e9ricaine.<\/p>\n<p>Cet accord, sous forme d\u2019un don de 27 millions de dollars, s\u2019inscrit dans le cadre du programme de Seuil (Threshold). Il est destin\u00e9 \u00e0 soutenir des r\u00e9formes dans le secteur de l\u2019\u00e9nergie, notamment en mati\u00e8re de gouvernance, de gestion des r\u00e9seaux et de renforcement des infrastructures. Il vise \u00e9galement \u00e0 am\u00e9liorer les capacit\u00e9s de l\u2019Autorit\u00e9 de r\u00e9gulation, \u00e0 int\u00e9grer des approches r\u00e9silientes dans les projets de d\u00e9veloppement et \u00e0 financer les volets environnementaux, sociaux et priv\u00e9s.<\/p>\n<p>Lors de la c\u00e9r\u00e9monie de signature, le ministre a exprim\u00e9 sa reconnaissance \u00e0 la Millenium Challenge Corporation, saluant l&#8217;excellence des relations entre la Mauritanie et les \u00c9tats-Unis d&#8217;Am\u00e9rique. Il a soulign\u00e9 l\u2019importance de cet accord et a d\u00e9clar\u00e9 que les \u00e9quipes techniques des deux parties continueront \u00e0 travailler pour pr\u00e9parer la prochaine phase de partenariat, qui portera sur la mobilisation de 500 millions de dollars sous forme de don pour des projets structurants.<\/p>\n<p>Le ministre a \u00e9galement \u00e9voqu\u00e9 les r\u00e9formes entreprises par le gouvernement depuis la r\u00e9\u00e9lection du Pr\u00e9sident de la R\u00e9publique, Son Excellence Monsieur Mohamed Ould Cheikh El Ghazouani, mettant en lumi\u00e8re les progr\u00e8s en mati\u00e8re de gouvernance, de d\u00e9mocratie et de renforcement des droits humains, ainsi que les efforts pour offrir aux citoyens des services de qualit\u00e9.<\/p>\n<p>Dans son allocution, Mme Alice Albright a salu\u00e9 les efforts du gouvernement mauritanien en faveur d\u2019un d\u00e9veloppement \u00e9conomique et social durable. Elle a r\u00e9affirm\u00e9 l\u2019engagement des \u00c9tats-Unis et de la MCC \u00e0 soutenir ces r\u00e9formes et a remerci\u00e9 les \u00e9quipes techniques des deux parties pour leur r\u00f4le cl\u00e9 dans la concr\u00e9tisation de cet accord, une \u00e9tape majeure dans la coop\u00e9ration bilat\u00e9rale.<\/p>\n<p>MEF<\/p>\n","protected":false},"excerpt":{"rendered":"<p>Son Excellence le ministre de l\u2019\u00c9conomie et des Finances, M. Sid&#8217;Ahmed Ould Bouh, et Mme Alice Albright, pr\u00e9sidente ex\u00e9cutive de la Millenium Challenge Corporation (MCC), ont sign\u00e9, ce mardi \u00e0 Washington, le premier accord de financement entre la Mauritanie et cette agence f\u00e9d\u00e9rale am\u00e9ricaine. Cet accord, sous forme d\u2019un don de 27 millions de dollars, &hellip;<\/p>\n","protected":false},"author":2,"featured_media":13294,"comment_status":"open","ping_status":"open","sticky":false,"template":"","format":"standard","meta":{"footnotes":""},"categories":[18,2],"tags":[],"class_list":["post-13299","post","type-post","status-publish","format-standard","has-post-thumbnail","hentry","category-actualites","category-economie"],"_links":{"self":[{"href":"https:\/\/ladepeche.mr\/index.php?rest_route=\/wp\/v2\/posts\/13299","targetHints":{"allow":["GET"]}}],"collection":[{"href":"https:\/\/ladepeche.mr\/index.php?rest_route=\/wp\/v2\/posts"}],"about":[{"href":"https:\/\/ladepeche.mr\/index.php?rest_route=\/wp\/v2\/types\/post"}],"author":[{"embeddable":true,"href":"https:\/\/ladepeche.mr\/index.php?rest_route=\/wp\/v2\/users\/2"}],"replies":[{"embeddable":true,"href":"https:\/\/ladepeche.mr\/index.php?rest_route=%2Fwp%2Fv2%2Fcomments&post=13299"}],"version-history":[{"count":1,"href":"https:\/\/ladepeche.mr\/index.php?rest_route=\/wp\/v2\/posts\/13299\/revisions"}],"predecessor-version":[{"id":13300,"href":"https:\/\/ladepeche.mr\/index.php?rest_route=\/wp\/v2\/posts\/13299\/revisions\/13300"}],"wp:featuredmedia":[{"embeddable":true,"href":"https:\/\/ladepeche.mr\/index.php?rest_route=\/wp\/v2\/media\/13294"}],"wp:attachment":[{"href":"https:\/\/ladepeche.mr\/index.php?rest_route=%2Fwp%2Fv2%2Fmedia&parent=13299"}],"wp:term":[{"taxonomy":"category","embeddable":true,"href":"https:\/\/ladepeche.mr\/index.php?rest_route=%2Fwp%2Fv2%2Fcategories&post=13299"},{"taxonomy":"post_tag","embeddable":true,"href":"https:\/\/ladepeche.mr\/index.php?rest_route=%2Fwp%2Fv2%2Ftags&post=13299"}],"curies":[{"name":"wp","href":"https:\/\/api.w.org\/{rel}","templated":true}]}}