{"id":13301,"date":"2025-01-07T23:30:57","date_gmt":"2025-01-07T23:30:57","guid":{"rendered":"https:\/\/ladepeche.mr\/?p=13301"},"modified":"2025-01-07T21:25:02","modified_gmt":"2025-01-07T21:25:02","slug":"guinee-manifestation-contre-la-prolongation-de-la-transition","status":"publish","type":"post","link":"https:\/\/ladepeche.mr\/?p=13301","title":{"rendered":"Guin\u00e9e : manifestation contre la prolongation de la transition"},"content":{"rendered":"<p data-t=\"{&quot;n&quot;:&quot;blueLinks&quot;}\"><strong>Pour l&#8217;opposition, le pouvoir militaire est tomb\u00e9 dans &#8221;l&#8217;ill\u00e9galit\u00e9&#8221; apr\u00e8s le 31 d\u00e9cembre, date de fin de la transition.<\/strong><\/p>\n<div class=\"article-image-slot image-slot-placeholder\" data-doc-id=\"cms\/api\/amp\/image\/AA1x6XBu\">\n<div class=\"article-image-slot\">\n<div class=\"article-image-container polished\" data-t=\"{&quot;n&quot;:&quot;OpenModal&quot;,&quot;t&quot;:13,&quot;b&quot;:8,&quot;c.i&quot;:&quot;AA1x6LQh&quot;,&quot;c.l&quot;:false,&quot;c.t&quot;:13,&quot;c.v&quot;:&quot;news&quot;,&quot;c.c&quot;:&quot;others&quot;,&quot;c.b&quot;:&quot;Euronews fran\u00e7ais&quot;,&quot;c.bi&quot;:&quot;AA2qy7x&quot;,&quot;c.tv&quot;:&quot;politics&quot;,&quot;c.tc&quot;:&quot;government&quot;,&quot;c.hl&quot;:&quot;Guin\u00e9e : manifestation contre la prolongation de la transition&quot;}\" data-test-id=\"AA1x6XBu\"><strong>Rues d\u00e9sertes, commerces ferm\u00e9s, Conakry avait les allures d\u2019une ville fant\u00f4me lundi. Les habitants ont d\u00e9cid\u00e9 de rester chez eux, alors des manifestations avaient lieu dans plusieurs quartiers de la capitale guin\u00e9enne. L\u2019opposition est vent debout contre la prolongation de la transition.<\/strong><\/div>\n<div data-t=\"{&quot;n&quot;:&quot;OpenModal&quot;,&quot;t&quot;:13,&quot;b&quot;:8,&quot;c.i&quot;:&quot;AA1x6LQh&quot;,&quot;c.l&quot;:false,&quot;c.t&quot;:13,&quot;c.v&quot;:&quot;news&quot;,&quot;c.c&quot;:&quot;others&quot;,&quot;c.b&quot;:&quot;Euronews fran\u00e7ais&quot;,&quot;c.bi&quot;:&quot;AA2qy7x&quot;,&quot;c.tv&quot;:&quot;politics&quot;,&quot;c.tc&quot;:&quot;government&quot;,&quot;c.hl&quot;:&quot;Guin\u00e9e : manifestation contre la prolongation de la transition&quot;}\" data-test-id=\"AA1x6XBu\">\n<p data-t=\"{&quot;n&quot;:&quot;blueLinks&quot;}\">Le bilan provisoire fait \u00e9tat d&#8217;au moins 1 mort et de nombreux bless\u00e9s. Plusieurs personnes ont aussi \u00e9t\u00e9 arr\u00eat\u00e9es. L\u2019opposition veut obtenir le d\u00e9part de la junte militaire au pouvoir.<\/p>\n<p data-t=\"{&quot;n&quot;:&quot;blueLinks&quot;}\">Les Forces Vives de Guin\u00e9e avaient averti : elles refuseraient de reconna\u00eetre les autorit\u00e9s actuelles apr\u00e8s le 31 d\u00e9cembre date de la fin de la p\u00e9riode de transition.<\/p>\n<p class=\"continue-read-break\" data-t=\"{&quot;n&quot;:&quot;blueLinks&quot;}\">N\u00e9anmoins, lors de son discours de fin d&#8217;ann\u00e9e, le g\u00e9n\u00e9ral Mamady Doumbouya, au pouvoir depuis 2021, apr\u00e8s son coup d\u2019\u00e9tat contre Alpha Cond\u00e9, a promis des \u00e9lections cette ann\u00e9e. Pas de quoi pousser l\u2019opposition \u00e0 mettre de l\u2019eau dans son vin.<\/p>\n<p data-t=\"{&quot;n&quot;:&quot;blueLinks&quot;}\">C\u2019est dans ce contexte que l\u2019ex-pr\u00e9sident Alpha Cond\u00e9 a appel\u00e9 l\u2019arm\u00e9e au soul\u00e8vement contre ses tombeurs, depuis son lieu d\u2019exil.<\/p>\n<p data-t=\"{&quot;n&quot;:&quot;blueLinks&quot;}\">www.msn.com<\/p>\n<\/div>\n<\/div>\n<\/div>\n","protected":false},"excerpt":{"rendered":"<p>Pour l&#8217;opposition, le pouvoir militaire est tomb\u00e9 dans &#8221;l&#8217;ill\u00e9galit\u00e9&#8221; apr\u00e8s le 31 d\u00e9cembre, date de fin de la transition. Rues d\u00e9sertes, commerces ferm\u00e9s, Conakry avait les allures d\u2019une ville fant\u00f4me lundi. Les habitants ont d\u00e9cid\u00e9 de rester chez eux, alors des manifestations avaient lieu dans plusieurs quartiers de la capitale guin\u00e9enne. L\u2019opposition est vent debout &hellip;<\/p>\n","protected":false},"author":2,"featured_media":13302,"comment_status":"open","ping_status":"open","sticky":false,"template":"","format":"standard","meta":{"footnotes":""},"categories":[1],"tags":[],"class_list":["post-13301","post","type-post","status-publish","format-standard","has-post-thumbnail","hentry","category-uncategorized"],"_links":{"self":[{"href":"https:\/\/ladepeche.mr\/index.php?rest_route=\/wp\/v2\/posts\/13301","targetHints":{"allow":["GET"]}}],"collection":[{"href":"https:\/\/ladepeche.mr\/index.php?rest_route=\/wp\/v2\/posts"}],"about":[{"href":"https:\/\/ladepeche.mr\/index.php?rest_route=\/wp\/v2\/types\/post"}],"author":[{"embeddable":true,"href":"https:\/\/ladepeche.mr\/index.php?rest_route=\/wp\/v2\/users\/2"}],"replies":[{"embeddable":true,"href":"https:\/\/ladepeche.mr\/index.php?rest_route=%2Fwp%2Fv2%2Fcomments&post=13301"}],"version-history":[{"count":1,"href":"https:\/\/ladepeche.mr\/index.php?rest_route=\/wp\/v2\/posts\/13301\/revisions"}],"predecessor-version":[{"id":13303,"href":"https:\/\/ladepeche.mr\/index.php?rest_route=\/wp\/v2\/posts\/13301\/revisions\/13303"}],"wp:featuredmedia":[{"embeddable":true,"href":"https:\/\/ladepeche.mr\/index.php?rest_route=\/wp\/v2\/media\/13302"}],"wp:attachment":[{"href":"https:\/\/ladepeche.mr\/index.php?rest_route=%2Fwp%2Fv2%2Fmedia&parent=13301"}],"wp:term":[{"taxonomy":"category","embeddable":true,"href":"https:\/\/ladepeche.mr\/index.php?rest_route=%2Fwp%2Fv2%2Fcategories&post=13301"},{"taxonomy":"post_tag","embeddable":true,"href":"https:\/\/ladepeche.mr\/index.php?rest_route=%2Fwp%2Fv2%2Ftags&post=13301"}],"curies":[{"name":"wp","href":"https:\/\/api.w.org\/{rel}","templated":true}]}}