{"id":13304,"date":"2025-01-08T15:25:48","date_gmt":"2025-01-08T15:25:48","guid":{"rendered":"https:\/\/ladepeche.mr\/?p=13304"},"modified":"2025-01-08T16:16:15","modified_gmt":"2025-01-08T16:16:15","slug":"rfd-la-dissidence-au-sein-du-parti-interdite-dacces-au-siege-du-parti-par-la-police","status":"publish","type":"post","link":"https:\/\/ladepeche.mr\/?p=13304","title":{"rendered":"RFD\u00a0: La dissidence au sein du parti interdite d\u2019acc\u00e8s \u00e0 son si\u00e8ge par la police"},"content":{"rendered":"<p>La police a emp\u00each\u00e9 l\u2019aile dissidente aux h\u00e9ritiers politiques choisis par Ahmed Ould Daddah, pr\u00e9sident du parti, d\u2019acc\u00e9der \u00e0 l\u2019enceinte du parti.<\/p>\n<p>Selon cette aile politique qui se d\u00e9marque du transfert de t\u00e9moin op\u00e9r\u00e9 par le pr\u00e9sident du parti, la police qui encercle le si\u00e8ge du parti, en a litt\u00e9ralement herm\u00e9tiquement soud\u00e9 le portail pour l\u2019emp\u00eacher d\u2019y tenir ses activit\u00e9s.<\/p>\n<p>Les dissidents du parti accusent \u00e9galement la police d\u2019avoir expuls\u00e9 manu militari le secr\u00e9taire permanent du parti et le chef de l&#8217;organisation de la jeunesse, qui \u00e9taient \u00e0 l&#8217;int\u00e9rieur du si\u00e8ge, et d\u2019avoir investi le garage du si\u00e8ge pour le transformer en commissariat abusant de son eau et de son \u00e9lectricit\u00e9, sans autorisation du parti.<\/p>\n<p>Cette aile du parti dit avoir protest\u00e9 devant les sup\u00e9rieurs hi\u00e9rarchiques contre \u00ab cette d\u00e9marche qui viole la loi\u00a0\u00bb et qu\u2019elle condamnait ces mesures qu\u2019elle qualifient \u00ab\u00a0d\u2019ill\u00e9gales et arbitraires\u00a0\u00bb.<\/p>\n<p>Les dissidents ont enfin dit que de telles mesures ne pourraient que les confortaient dans leur action et leur combat d\u00e9mocratique au sein de leur parti.<\/p>\n<p>Le RFD, rappelle-t-on, est travers\u00e9 par une forte contestation depuis qu\u2019en mars 2024, son pr\u00e9sident, Ahmed Ould Daddah, soup\u00e7onn\u00e9 malade, a rendu public un communiqu\u00e9 transf\u00e9rant ses propres pr\u00e9rogatives \u00e0 un groupe de ses fid\u00e8les lieutenants, emmen\u00e9s par Me Yacoub Diallo. Un choix contest\u00e9 par une partie du leadership du parti.<\/p>\n","protected":false},"excerpt":{"rendered":"<p>La police a emp\u00each\u00e9 l\u2019aile dissidente aux h\u00e9ritiers politiques choisis par Ahmed Ould Daddah, pr\u00e9sident du parti, d\u2019acc\u00e9der \u00e0 l\u2019enceinte du parti. Selon cette aile politique qui se d\u00e9marque du transfert de t\u00e9moin op\u00e9r\u00e9 par le pr\u00e9sident du parti, la police qui encercle le si\u00e8ge du parti, en a litt\u00e9ralement herm\u00e9tiquement soud\u00e9 le portail pour &hellip;<\/p>\n","protected":false},"author":2,"featured_media":13305,"comment_status":"open","ping_status":"open","sticky":false,"template":"","format":"standard","meta":{"footnotes":""},"categories":[18,31],"tags":[],"class_list":["post-13304","post","type-post","status-publish","format-standard","has-post-thumbnail","hentry","category-actualites","category-politique-et-reportages"],"_links":{"self":[{"href":"https:\/\/ladepeche.mr\/index.php?rest_route=\/wp\/v2\/posts\/13304","targetHints":{"allow":["GET"]}}],"collection":[{"href":"https:\/\/ladepeche.mr\/index.php?rest_route=\/wp\/v2\/posts"}],"about":[{"href":"https:\/\/ladepeche.mr\/index.php?rest_route=\/wp\/v2\/types\/post"}],"author":[{"embeddable":true,"href":"https:\/\/ladepeche.mr\/index.php?rest_route=\/wp\/v2\/users\/2"}],"replies":[{"embeddable":true,"href":"https:\/\/ladepeche.mr\/index.php?rest_route=%2Fwp%2Fv2%2Fcomments&post=13304"}],"version-history":[{"count":2,"href":"https:\/\/ladepeche.mr\/index.php?rest_route=\/wp\/v2\/posts\/13304\/revisions"}],"predecessor-version":[{"id":13311,"href":"https:\/\/ladepeche.mr\/index.php?rest_route=\/wp\/v2\/posts\/13304\/revisions\/13311"}],"wp:featuredmedia":[{"embeddable":true,"href":"https:\/\/ladepeche.mr\/index.php?rest_route=\/wp\/v2\/media\/13305"}],"wp:attachment":[{"href":"https:\/\/ladepeche.mr\/index.php?rest_route=%2Fwp%2Fv2%2Fmedia&parent=13304"}],"wp:term":[{"taxonomy":"category","embeddable":true,"href":"https:\/\/ladepeche.mr\/index.php?rest_route=%2Fwp%2Fv2%2Fcategories&post=13304"},{"taxonomy":"post_tag","embeddable":true,"href":"https:\/\/ladepeche.mr\/index.php?rest_route=%2Fwp%2Fv2%2Ftags&post=13304"}],"curies":[{"name":"wp","href":"https:\/\/api.w.org\/{rel}","templated":true}]}}