{"id":13307,"date":"2025-01-08T16:15:47","date_gmt":"2025-01-08T16:15:47","guid":{"rendered":"https:\/\/ladepeche.mr\/?p=13307"},"modified":"2025-01-08T19:17:58","modified_gmt":"2025-01-08T19:17:58","slug":"social-la-chasse-aux-retraites-ouverte-parmi-la-cooperation-internationale","status":"publish","type":"post","link":"https:\/\/ladepeche.mr\/?p=13307","title":{"rendered":"Social\u00a0: La Chasse aux retrait\u00e9s ouverte parmi la coop\u00e9ration internationale"},"content":{"rendered":"<p>Le gouvernement mauritanien entend envoyer \u00e0 la retraite tout citoyen mauritanien ayant atteint l\u2019\u00e2ge l\u00e9gal de 63 ans y compris ceux qui travailleraient au sein de la coop\u00e9ration internationale dans le pays.<\/p>\n<p>Une lettre informant ses partenaires, cit\u00e9e par nos confr\u00e8res de Alakhbar, indiquerait que le gouvernement, en application des textes l\u00e9gaux relatifs \u00e0 l&#8217;emploi public et du Code du travail en Mauritanie&#8221;, s\u2019opposerait au maintien d\u2019emplois permanents de personnes retrait\u00e9es dans les projets financ\u00e9s dans le pays.<\/p>\n<p>Et le minist\u00e8re de rappeler qu\u2019aucune personne ayant atteint cette limite d\u2019\u00e2ge &#8220;ne devrait plus \u00eatre nomm\u00e9e \u00e0 un poste permanent au niveau des unit\u00e9s de coordination ou de gestion de projets de d\u00e9veloppement\u00bb<\/p>\n<p>Le gouvernement reconnait cependant que les retrait\u00e9s pourraient apporter ponctuellement \u00abune expertise ou b\u00e9n\u00e9ficier de contrats de conseil \u00bb. Dans ce cas, le gouvernement exige qu\u2019il soit fait mention qu\u2019il s\u2019agit bien d\u2019un contrat \u00e0 titre temporaire non comme un salari\u00e9, ni comme un agent.<\/p>\n<p>M\u00eame si l\u2019on peut consid\u00e9rer que le gouvernement est mu par le souci de faire de la place aux jeunes cadres mauritaniens, il va sans dire aussi qu\u2019il y a quelques ann\u00e9es le d\u00e9part \u00e0 la retraite d\u2019une frange importante de fonctionnaires avait laiss\u00e9 un vide et que certains fonctionnaires en avaient m\u00eame profit\u00e9 pour rajeunir\u2026sur leurs papiers.<\/p>\n","protected":false},"excerpt":{"rendered":"<p>Le gouvernement mauritanien entend envoyer \u00e0 la retraite tout citoyen mauritanien ayant atteint l\u2019\u00e2ge l\u00e9gal de 63 ans y compris ceux qui travailleraient au sein de la coop\u00e9ration internationale dans le pays. Une lettre informant ses partenaires, cit\u00e9e par nos confr\u00e8res de Alakhbar, indiquerait que le gouvernement, en application des textes l\u00e9gaux relatifs \u00e0 l&#8217;emploi &hellip;<\/p>\n","protected":false},"author":2,"featured_media":13308,"comment_status":"open","ping_status":"open","sticky":false,"template":"","format":"standard","meta":{"footnotes":""},"categories":[18,2],"tags":[],"class_list":["post-13307","post","type-post","status-publish","format-standard","has-post-thumbnail","hentry","category-actualites","category-economie"],"_links":{"self":[{"href":"https:\/\/ladepeche.mr\/index.php?rest_route=\/wp\/v2\/posts\/13307","targetHints":{"allow":["GET"]}}],"collection":[{"href":"https:\/\/ladepeche.mr\/index.php?rest_route=\/wp\/v2\/posts"}],"about":[{"href":"https:\/\/ladepeche.mr\/index.php?rest_route=\/wp\/v2\/types\/post"}],"author":[{"embeddable":true,"href":"https:\/\/ladepeche.mr\/index.php?rest_route=\/wp\/v2\/users\/2"}],"replies":[{"embeddable":true,"href":"https:\/\/ladepeche.mr\/index.php?rest_route=%2Fwp%2Fv2%2Fcomments&post=13307"}],"version-history":[{"count":3,"href":"https:\/\/ladepeche.mr\/index.php?rest_route=\/wp\/v2\/posts\/13307\/revisions"}],"predecessor-version":[{"id":13317,"href":"https:\/\/ladepeche.mr\/index.php?rest_route=\/wp\/v2\/posts\/13307\/revisions\/13317"}],"wp:featuredmedia":[{"embeddable":true,"href":"https:\/\/ladepeche.mr\/index.php?rest_route=\/wp\/v2\/media\/13308"}],"wp:attachment":[{"href":"https:\/\/ladepeche.mr\/index.php?rest_route=%2Fwp%2Fv2%2Fmedia&parent=13307"}],"wp:term":[{"taxonomy":"category","embeddable":true,"href":"https:\/\/ladepeche.mr\/index.php?rest_route=%2Fwp%2Fv2%2Fcategories&post=13307"},{"taxonomy":"post_tag","embeddable":true,"href":"https:\/\/ladepeche.mr\/index.php?rest_route=%2Fwp%2Fv2%2Ftags&post=13307"}],"curies":[{"name":"wp","href":"https:\/\/api.w.org\/{rel}","templated":true}]}}